{"id":224,"date":"2018-07-26T10:56:30","date_gmt":"2018-07-26T09:56:30","guid":{"rendered":"https:\/\/www.nowa.wielopolesolectwo.pl\/?p=224"},"modified":"2025-12-06T12:50:43","modified_gmt":"2025-12-06T11:50:43","slug":"szlakiem-u-podnoza-tatr-reportaz","status":"publish","type":"post","link":"https:\/\/www.wielopolesolectwo.pl\/index.php\/2018\/07\/26\/szlakiem-u-podnoza-tatr-reportaz\/","title":{"rendered":"Szlakiem u podn\u00f3\u017ca Tatr &#8211; reporta\u017c"},"content":{"rendered":"\n<p>W zesz\u0142\u0105 sobot\u0119 tj. 21.07.2018r. mieszka\u0144cy Wielopola uczestniczyli w krajoznawczo \u0096 historycznej wycieczce po S\u0142owacji pn.: \"Szlakiem u podn\u00f3\u017ca Tatr\". Ten turystyczny wypad zorganizowa\u0142o Stowarzyszenie Rozwoju So\u0142ectwa Wielopole w ramach zadania publicznego Gminy Che\u0142miec, kt\u00f3rego za\u0142o\u017ceniem jest wspieranie dzia\u0142a\u0144 na rzecz os\u00f3b niepe\u0142nosprawnych oraz profilaktyki i promocji zdrowia poprzez wspierania dzia\u0142a\u0144 promuj\u0105cych zdrowy styl \u017cycia. Uczestnikami wycieczki by\u0142y zar\u00f3wno dzieci jak i osoby nieco starsze, kt\u00f3rych po\u0142\u0105czy\u0142 jeden cel tj. wsp\u00f3lne radosne poznawcze sp\u0119dzenie czasu.<\/p>\n\n\n\n<p>W ramach programu wycieczki zwiedzono Biela\u0144sk\u0105 Jaskini\u0119 - pomnik przyrody, gdzie podziwiano \u015bliczne i zarazem dziwaczne podziemne formy skalne. Jad\u0105c nast\u0119pnie drog\u0105 wiod\u0105c\u0105 u podn\u00f3\u017ca Wysokich S\u0142owackich Tatr, wycieczkowicze zostali zauroczeni pot\u0119g\u0105, majestatem i pi\u0119knem najwy\u017cszych g\u00f3r tego pasma: \u0141omnicy, Jagni\u0119cego Szczytu, S\u0142awkowskiego Szczytu, Gerlacha czy Krywania, by nast\u0119pnie w miejscowo\u015bci Orawskie Podzamcze zwiedzi\u0107 i pozna\u0107 histori\u0119 wprost \"bajkowego\" zamku \"Orawski Hrad\". Ostatnim punktem programu wycieczki na terenie S\u0142owacji by\u0142 obiad, podczas kt\u00f3rego zm\u0119czeni ogromem wra\u017ce\u0144, ale u\u015bmiechni\u0119ci wycieczkowicze zachwycali si\u0119 smakiem s\u0142owackich, orawskich potraw. Wycieczka uda\u0142a si\u0119 przede wszystkim dzi\u0119ki jej uczestnikom i \u015blicznej letniej pogodzie.<\/p>\n\n\n\n<p><a href=\"https:\/\/photos.app.goo.gl\/Rnm8SoGGERdMJrNM6\">Zapraszamy do galerii zdj\u0119\u0107<\/a><\/p>\n","protected":false},"excerpt":{"rendered":"<p>W zesz\u0142\u0105 sobot\u0119 tj. 21.07.2018r. mieszka\u0144cy Wielopola uczestniczyli w krajoznawczo \u0096 historycznej wycieczce po S\u0142owacji pn.: &#8222;Szlakiem u podn\u00f3\u017ca Tatr&#8221;. Ten turystyczny wypad zorganizowa\u0142o Stowarzyszenie Rozwoju So\u0142ectwa Wielopole w ramach zadania publicznego Gminy Che\u0142miec, kt\u00f3rego za\u0142o\u017ceniem jest wspieranie dzia\u0142a\u0144 na rzecz os\u00f3b niepe\u0142nosprawnych oraz profilaktyki i promocji zdrowia poprzez wspierania dzia\u0142a\u0144 promuj\u0105cych zdrowy styl \u017cycia. [&hellip;]<\/p>\n","protected":false},"author":1,"featured_media":225,"comment_status":"closed","ping_status":"open","sticky":false,"template":"","format":"standard","meta":{"footnotes":""},"categories":[4],"tags":[],"class_list":["post-224","post","type-post","status-publish","format-standard","has-post-thumbnail","hentry","category-aktualnosci"],"_links":{"self":[{"href":"https:\/\/www.wielopolesolectwo.pl\/index.php\/wp-json\/wp\/v2\/posts\/224","targetHints":{"allow":["GET"]}}],"collection":[{"href":"https:\/\/www.wielopolesolectwo.pl\/index.php\/wp-json\/wp\/v2\/posts"}],"about":[{"href":"https:\/\/www.wielopolesolectwo.pl\/index.php\/wp-json\/wp\/v2\/types\/post"}],"author":[{"embeddable":true,"href":"https:\/\/www.wielopolesolectwo.pl\/index.php\/wp-json\/wp\/v2\/users\/1"}],"replies":[{"embeddable":true,"href":"https:\/\/www.wielopolesolectwo.pl\/index.php\/wp-json\/wp\/v2\/comments?post=224"}],"version-history":[{"count":1,"href":"https:\/\/www.wielopolesolectwo.pl\/index.php\/wp-json\/wp\/v2\/posts\/224\/revisions"}],"predecessor-version":[{"id":226,"href":"https:\/\/www.wielopolesolectwo.pl\/index.php\/wp-json\/wp\/v2\/posts\/224\/revisions\/226"}],"wp:featuredmedia":[{"embeddable":true,"href":"https:\/\/www.wielopolesolectwo.pl\/index.php\/wp-json\/wp\/v2\/media\/225"}],"wp:attachment":[{"href":"https:\/\/www.wielopolesolectwo.pl\/index.php\/wp-json\/wp\/v2\/media?parent=224"}],"wp:term":[{"taxonomy":"category","embeddable":true,"href":"https:\/\/www.wielopolesolectwo.pl\/index.php\/wp-json\/wp\/v2\/categories?post=224"},{"taxonomy":"post_tag","embeddable":true,"href":"https:\/\/www.wielopolesolectwo.pl\/index.php\/wp-json\/wp\/v2\/tags?post=224"}],"curies":[{"name":"wp","href":"https:\/\/api.w.org\/{rel}","templated":true}]}}