{"id":239,"date":"2018-09-24T11:03:27","date_gmt":"2018-09-24T10:03:27","guid":{"rendered":"https:\/\/www.nowa.wielopolesolectwo.pl\/?p=239"},"modified":"2025-12-06T12:54:44","modified_gmt":"2025-12-06T11:54:44","slug":"festyn-2018-relacja-zdjecia","status":"publish","type":"post","link":"https:\/\/www.wielopolesolectwo.pl\/index.php\/2018\/09\/24\/festyn-2018-relacja-zdjecia\/","title":{"rendered":"Festyn 2018 &#8211; relacja, zdj\u0119cia"},"content":{"rendered":"\n<p>W Wielopolu zn\u00f3w by\u0142o rado\u015bnie! W dniu 15.09.2018r. w odby\u0142 si\u0119 tam integracyjny festyn dla wszystkich ch\u0119tnych, a przede wszystkim dla Wielopolan. Tym razem zorganizowali go P. So\u0142tys Aleksandra Opalska wraz z pr\u0119\u017cn\u0105 w dzia\u0142aniu Rad\u0105 So\u0142eck\u0105. Impreza odby\u0142a si\u0119 na terenie Pa\u0144stwa Janik\u00f3w - na czas zabawy udost\u0119pnionym mieszka\u0144com. Dzi\u0119ki Urz\u0119dowi Gminy Che\u0142miec zosta\u0142a dostarczona i zmontowana estrada, kt\u00f3ra sta\u0142a si\u0119 centrum zabaw, konkurs\u00f3w i u\u015bwietniaj\u0105cej imprez\u0119 muzyki oferowanej przez DJ-a Sromka, oraz nasz z Wielopola zesp\u00f3\u0142 Alto. Dodatkowo staraniem Pani So\u0142tys pracownicy Gminy dostarczyli do zabawy najm\u0142odszym \"dmucha\u0144ce\", a z kierunku gdzie zosta\u0142y rozstawione nieprzerwanie rozlega\u0142y si\u0119 radosne piski, \u015bmiechy\" szalej\u0105cych\" bawi\u0105cych si\u0119 na nich najm\u0142odszych uczestnik\u00f3w imprezy. Natomiast starsi by odda\u0107 si\u0119 dyskusji ze znajomymi przyjaci\u00f3\u0142mi i ch\u0142on\u0105\u0107 pi\u0119kno, artyzm wyst\u0119puj\u0105cych na estradzie i uczestnik\u00f3w konkurs\u00f3w zasiedli w \"lo\u017cach\", kt\u00f3rymi tym razem by\u0142y namioty imprezowe i siedziska Stowarzyszenia Rozwoju So\u0142ectwa Wielopole. Dodatkowym elementem \"dekoracyjno \u0096 urbanistyczno \u0096 u\u017cytkowym\" by\u0142y parasole udost\u0119pnione przez firm\u0119 \"Koral\". Pod nimi zosta\u0142 zorganizowany sektor gastronomiczny festynu, gdzie serwowano zwyczajow\u0105 kie\u0142bas\u0119 z grilla, kaszank\u0119, bigos oraz przygotowane przez naszego przyjaciela z Anglii prawdziwe angielskie dania.<\/p>\n\n\n\n<p>Festyn wywo\u0142a\u0142 du\u017ce zainteresowanie mieszka\u0144c\u00f3w Wielopola. Przyby\u0142o wiele rodzin by bawi\u0105c si\u0119 rado\u015bnie sp\u0119dzi\u0107 wsp\u00f3lnie z innymi czas. Zaproszeni przez Pani\u0105 so\u0142tys Go\u015bcie, w \u015br\u00f3d nich W\u00f3jt Gminy Che\u0142miec, pana Bernarda Stawiarskiego z Ma\u0142\u017conk\u0105, Radni naszego powiatu i Gminy Che\u0142miec, a tak\u017ce So\u0142tysi s\u0105siednich wsi oraz Ks. Proboszcza Eugeniusza Mro\u017cka zostali mi\u0142o przyj\u0119ci przez uczestnik\u00f3w zabawy. Festyn rozpocz\u0105\u0142 si\u0119 od wyst\u0119p\u00f3w ch\u00f3r\u00f3w dzieci\u0119cych: Emmanuel i Weso\u0142e Nutki, a nast\u0119pnie ju\u017c indywidualnie wokalnie i instrumentalnie popisywa\u0142y si\u0119 dzieci: Natalia Majoch, Gabrysia Popiela, Martyna Majoch, Kuba Turski, Klaudia Lorek, Justyna Ziele\u0144 i Dustin Zi\u00f3\u0142kowski. Wyst\u0119puj\u0105cy od Pani So\u0142tys i od zaproszonych go\u015bci otrzymali drobne upominki. Podobno, pani So\u0142tys jako g\u0142\u00f3wny organizator imprezy odebra\u0142a ju\u017c w sprawie naszych talent\u00f3w, kilka telefon\u00f3w ...i to chyba nawet z programu \"Szansa na Sukces\"(?).<\/p>\n\n\n\n<p>Zebranych, zachwycaj\u0105cych si\u0119 wyst\u0119pami uzdolnionej m\u0142odzie\u017cy, s\u0142odyczami cz\u0119stowa\u0142y w strojach klaun\u00f3w - Karolina Wiktorowska i Natalia Lach.<\/p>\n\n\n\n<p>Po wyst\u0119pach artystycznych, nadszed\u0142 czas rodzinnej zabawy tanecznej. Styl\u00f3w ta\u0144c\u00f3w, kt\u00f3re by\u0142y wykonywane przez bawi\u0105cych si\u0119 nie da si\u0119 opisa\u0107 jednym zdaniem ,a nawet nie da si\u0119 ich nazwa\u0107 ale za to na pewno by\u0142o mo\u017cna stwierdzi\u0107, \u017ce wszyscy \u015bwietnie si\u0119 bawili, a u\u015bmiech i radosne spojrzenia uczestnik\u00f3w by\u0142y podsumowaniem, bardzo dobrze zorganizowanego festynu.<\/p>\n\n\n\n<p>Niespotykan\u0105 atrakcj\u0105 i to naszego festynu by\u0142 wyst\u0119p zaprzyja\u009fnionego z Wielopolem Kabaretu Starszych Pa\u0144 z Uniwersytetu III Wieku w sk\u0142adzie Pani Ela Pajor, Pani Jola Kieres, Pani Zosia Sus ,kt\u00f3re u\u017cywaj\u0105c gwary z r\u00f3\u017cnych stron Polski przedstawia\u0142y skecze (wice \u0096 po \u015bl\u0105sku) wywo\u0142uj\u0105ce w\u015br\u00f3d zebranych salwy \u015bmiechu. Pani So\u0142tys Aleksandra Opalska oraz Rada So\u0142ecka So\u0142ectwa Wielopola sk\u0142adaj\u0105 serdeczne podzi\u0119kowania wszystkim tym, kt\u00f3rzy zaanga\u017cowali si\u0119 i bezinteresownie pomogli, zorganizowa\u0107 t\u0105 wspania\u0142\u0105 imprez\u0119: Firmie Pana S\u0142awomira Kalisza \u0084Siwy Brzeg\" za przygotowanie wspania\u0142o\u015bci bigosowych, Panu Danielowi Currie za przysmaki z grilla oraz inne przyrz\u0105dzone potrawy o ciekawych nie spotykanych w Polsce smakach, P. Marii Fa\u0142owskiej, za pachn\u0105cy z chrupi\u0105c\u0105 sk\u00f3rk\u0105 domowy chleb, P. Bo\u017cennie Nowak za aromatyczny \"na bogato\" przyrz\u0105dzony smalec, Pani Ani Zi\u00f3\u0142kowskiej za s\u0142odko\u015bci, cukierki i ciasta przygotowane, kt\u00f3re rozchodzi\u0142y si\u0119 b\u0142yskawicznie bo swoim smakiem by\u0142y - jak zwykle lepsze od ambrozji. Cz\u0142onkom Stowarzyszenia Rozwoju So\u0142ectwa Wielopola za przygotowanie urbanistycznej przestrzeni rozrywkowo us\u0142ugowej.<\/p>\n\n\n\n<p>wszystkim Osobom nie wymienionym, kt\u00f3re nawet w minimalny spos\u00f3b w\u0142\u0105czyli si\u0119 do pracy na rzecz tej wspania\u0142ej imprezy.<\/p>\n\n\n\n<p>Ryszard \u0141akomski<\/p>\n\n\n\n<p><a href=\"https:\/\/photos.app.goo.gl\/GH2RUWgnZiQNTQaw8\">Zapraszamy do galeri<\/a><\/p>\n","protected":false},"excerpt":{"rendered":"<p>W Wielopolu zn\u00f3w by\u0142o rado\u015bnie! W dniu 15.09.2018r. w odby\u0142 si\u0119 tam integracyjny festyn dla wszystkich ch\u0119tnych, a przede wszystkim dla Wielopolan. Tym razem zorganizowali go P. So\u0142tys Aleksandra Opalska wraz z pr\u0119\u017cn\u0105 w dzia\u0142aniu Rad\u0105 So\u0142eck\u0105. Impreza odby\u0142a si\u0119 na terenie Pa\u0144stwa Janik\u00f3w &#8211; na czas zabawy udost\u0119pnionym mieszka\u0144com. Dzi\u0119ki Urz\u0119dowi Gminy Che\u0142miec zosta\u0142a [&hellip;]<\/p>\n","protected":false},"author":1,"featured_media":240,"comment_status":"closed","ping_status":"open","sticky":false,"template":"","format":"standard","meta":{"footnotes":""},"categories":[4],"tags":[],"class_list":["post-239","post","type-post","status-publish","format-standard","has-post-thumbnail","hentry","category-aktualnosci"],"_links":{"self":[{"href":"https:\/\/www.wielopolesolectwo.pl\/index.php\/wp-json\/wp\/v2\/posts\/239","targetHints":{"allow":["GET"]}}],"collection":[{"href":"https:\/\/www.wielopolesolectwo.pl\/index.php\/wp-json\/wp\/v2\/posts"}],"about":[{"href":"https:\/\/www.wielopolesolectwo.pl\/index.php\/wp-json\/wp\/v2\/types\/post"}],"author":[{"embeddable":true,"href":"https:\/\/www.wielopolesolectwo.pl\/index.php\/wp-json\/wp\/v2\/users\/1"}],"replies":[{"embeddable":true,"href":"https:\/\/www.wielopolesolectwo.pl\/index.php\/wp-json\/wp\/v2\/comments?post=239"}],"version-history":[{"count":1,"href":"https:\/\/www.wielopolesolectwo.pl\/index.php\/wp-json\/wp\/v2\/posts\/239\/revisions"}],"predecessor-version":[{"id":241,"href":"https:\/\/www.wielopolesolectwo.pl\/index.php\/wp-json\/wp\/v2\/posts\/239\/revisions\/241"}],"wp:featuredmedia":[{"embeddable":true,"href":"https:\/\/www.wielopolesolectwo.pl\/index.php\/wp-json\/wp\/v2\/media\/240"}],"wp:attachment":[{"href":"https:\/\/www.wielopolesolectwo.pl\/index.php\/wp-json\/wp\/v2\/media?parent=239"}],"wp:term":[{"taxonomy":"category","embeddable":true,"href":"https:\/\/www.wielopolesolectwo.pl\/index.php\/wp-json\/wp\/v2\/categories?post=239"},{"taxonomy":"post_tag","embeddable":true,"href":"https:\/\/www.wielopolesolectwo.pl\/index.php\/wp-json\/wp\/v2\/tags?post=239"}],"curies":[{"name":"wp","href":"https:\/\/api.w.org\/{rel}","templated":true}]}}