{"id":277,"date":"2019-03-29T11:53:51","date_gmt":"2019-03-29T10:53:51","guid":{"rendered":"https:\/\/www.nowa.wielopolesolectwo.pl\/?p=277"},"modified":"2025-12-06T13:00:55","modified_gmt":"2025-12-06T12:00:55","slug":"smieci-mniej-ziemi-lzej-2","status":"publish","type":"post","link":"https:\/\/www.wielopolesolectwo.pl\/index.php\/2019\/03\/29\/smieci-mniej-ziemi-lzej-2\/","title":{"rendered":"\u015amieci mniej, ziemi l\u017cej"},"content":{"rendered":"\n<p>Zarz\u0105d Stowarzyszenia Rozwoju So\u0142ectwa Wielopole po raz kolejny zaprasza mieszka\u0144c\u00f3w (a szczeg\u00f3lnie m\u0142odych) na coroczn\u0105, wiosenn\u0105 akcj\u0119 wsp\u00f3lnego sprz\u0105tania naszej wsi. Opr\u00f3cz efekt\u00f3w integracyjnych i porz\u0105dkowych (w zesz\u0142ym roku zebrali\u015bmy 50 work\u00f3w \u015bmieci), nasze dzia\u0142anie ma walor edukacyjny dla m\u0142odego pokolenia, by traktowa\u0142o miejsce zamieszkania jako cz\u0119\u015b\u0107 w\u0142asnego domu, w kt\u00f3rym wa\u017cne s\u0105 czysto\u015b\u0107 i porz\u0105dek. M\u0142odzi uczestnicy akcji nagrodzeni zostan\u0105 certyfikatami udzia\u0142u upowa\u017cniaj\u0105cymi do zni\u017cek w wycieczkach, a na zako\u0144czenie zjemy z apetytem kie\u0142baski z ogniska. Spotykamy si\u0119 w sobot\u0119, 6-go kwietnia przy \u015bwietlicy o godz. 9-tej.<\/p>\n\n\n\n<p>Zabezpieczamy r\u0119kawice, worki, kie\u0142baski z grilla, mi\u0142\u0105 atmosfer\u0119 i u\u015bcisk d\u0142oni Prezesa. Zapraszamy!<\/p>\n\n\n\n<p>EFEKTY?<\/p>\n\n\n\n<p>Zebrali\u015bmy 98 work\u00f3w \u015bmieci!<br>Uczestniczy\u0142o 37 os\u00f3b w tym 14 m\u0142odych i najm\u0142odszych!<br>DZI\u0118KUJEMY I GRATULUJEMY SOBIE CZYLI UCZESTNIKOM!<\/p>\n\n\n\n<p>Zapraszamy do <a href=\"https:\/\/photos.google.com\/share\/AF1QipMaxM2oxRrPkXW-4o7zfjipWUowzRkJeTtQKWqmLsggkbUXUENcckjsvPBPEBIlwg?key=LVA0ZTJnQzkwczhCRHpwbTQwZklzbzExdElXZnl3\" data-type=\"link\" data-id=\"https:\/\/photos.google.com\/share\/AF1QipMaxM2oxRrPkXW-4o7zfjipWUowzRkJeTtQKWqmLsggkbUXUENcckjsvPBPEBIlwg?key=LVA0ZTJnQzkwczhCRHpwbTQwZklzbzExdElXZnl3\">galerii<\/a><\/p>\n","protected":false},"excerpt":{"rendered":"<p>Zarz\u0105d Stowarzyszenia Rozwoju So\u0142ectwa Wielopole po raz kolejny zaprasza mieszka\u0144c\u00f3w (a szczeg\u00f3lnie m\u0142odych) na coroczn\u0105, wiosenn\u0105 akcj\u0119 wsp\u00f3lnego sprz\u0105tania naszej wsi. Opr\u00f3cz efekt\u00f3w integracyjnych i porz\u0105dkowych (w zesz\u0142ym roku zebrali\u015bmy 50 work\u00f3w \u015bmieci), nasze dzia\u0142anie ma walor edukacyjny dla m\u0142odego pokolenia, by traktowa\u0142o miejsce zamieszkania jako cz\u0119\u015b\u0107 w\u0142asnego domu, w kt\u00f3rym wa\u017cne s\u0105 czysto\u015b\u0107 i [&hellip;]<\/p>\n","protected":false},"author":1,"featured_media":280,"comment_status":"closed","ping_status":"open","sticky":false,"template":"","format":"standard","meta":{"footnotes":""},"categories":[4],"tags":[],"class_list":["post-277","post","type-post","status-publish","format-standard","has-post-thumbnail","hentry","category-aktualnosci"],"_links":{"self":[{"href":"https:\/\/www.wielopolesolectwo.pl\/index.php\/wp-json\/wp\/v2\/posts\/277","targetHints":{"allow":["GET"]}}],"collection":[{"href":"https:\/\/www.wielopolesolectwo.pl\/index.php\/wp-json\/wp\/v2\/posts"}],"about":[{"href":"https:\/\/www.wielopolesolectwo.pl\/index.php\/wp-json\/wp\/v2\/types\/post"}],"author":[{"embeddable":true,"href":"https:\/\/www.wielopolesolectwo.pl\/index.php\/wp-json\/wp\/v2\/users\/1"}],"replies":[{"embeddable":true,"href":"https:\/\/www.wielopolesolectwo.pl\/index.php\/wp-json\/wp\/v2\/comments?post=277"}],"version-history":[{"count":1,"href":"https:\/\/www.wielopolesolectwo.pl\/index.php\/wp-json\/wp\/v2\/posts\/277\/revisions"}],"predecessor-version":[{"id":279,"href":"https:\/\/www.wielopolesolectwo.pl\/index.php\/wp-json\/wp\/v2\/posts\/277\/revisions\/279"}],"wp:featuredmedia":[{"embeddable":true,"href":"https:\/\/www.wielopolesolectwo.pl\/index.php\/wp-json\/wp\/v2\/media\/280"}],"wp:attachment":[{"href":"https:\/\/www.wielopolesolectwo.pl\/index.php\/wp-json\/wp\/v2\/media?parent=277"}],"wp:term":[{"taxonomy":"category","embeddable":true,"href":"https:\/\/www.wielopolesolectwo.pl\/index.php\/wp-json\/wp\/v2\/categories?post=277"},{"taxonomy":"post_tag","embeddable":true,"href":"https:\/\/www.wielopolesolectwo.pl\/index.php\/wp-json\/wp\/v2\/tags?post=277"}],"curies":[{"name":"wp","href":"https:\/\/api.w.org\/{rel}","templated":true}]}}