{"id":281,"date":"2019-04-16T12:35:03","date_gmt":"2019-04-16T11:35:03","guid":{"rendered":"https:\/\/www.nowa.wielopolesolectwo.pl\/?p=281"},"modified":"2025-12-06T13:01:15","modified_gmt":"2025-12-06T12:01:15","slug":"osoby-wazne-dla-naszego-solectwa-nasz-sasiad-inzynier-i-artysta-zygmunt-lewczuk","status":"publish","type":"post","link":"https:\/\/www.wielopolesolectwo.pl\/index.php\/2019\/04\/16\/osoby-wazne-dla-naszego-solectwa-nasz-sasiad-inzynier-i-artysta-zygmunt-lewczuk\/","title":{"rendered":"Osoby wa\u017cne dla naszego so\u0142ectwa &#8211; nasz s\u0105siad, in\u017cynier i artysta Zygmunt Lewczuk"},"content":{"rendered":"\n<p>Zygmunt Lewczuk mieszka w\u015br\u00f3d nas w Wielopolu od 40-u lat. W nowos\u0105deckim Domu Gotyckim przy ul. Lwowskiej 3, z okazji 50-tej rocznicy jego pracy zawodowej trwa wystawa jego akwarel, zdj\u0119\u0107 z realizacji projekt\u00f3w, fragment\u00f3w dokumentacji architektonicznych i zdj\u0119\u0107 z pocz\u0105tk\u00f3w budowy s\u0105deckiego skansenu.<\/p>\n\n\n\n<p class=\"has-text-align-left\">Zygmunt Lewczuk uko\u0144czy\u0142 studia na Wydziale Architektury Politechniki Krakowskiej. By\u0142 pierwszym budowniczym i d\u0142ugoletnim kierownikiem S\u0105deckiego Parku Etnograficznego \u0096 Skansenu. Przez 10 lat by\u0142 wojew\u00f3dzkim konserwatorem zabytk\u00f3w w Nowym S\u0105czu. Wsp\u00f3\u0142tworzy\u0142 wraz z zespo\u0142em projekt Miasteczka Galicyjskiego. Jest wybitnym znawc\u0105 architektury drewnianej, co zosta\u0142o docenione \u0096 otrzyma\u0142 nagrod\u0119 im. Mariana Korneckiego za trosk\u0119 o zabytkow\u0105 architektur\u0119 drewnian\u0105 Ma\u0142opolski, jej dokumentacj\u0119 i popularyzacj\u0119.<\/p>\n\n\n\n<p>Realizowa\u0142 tak\u017ce w\u0142asne projekty architektoniczne \u0096 mi\u0119dzy innymi ko\u015bcio\u0142y: w Sio\u0142kowej, U\u015bciu Gorlickim, \u0141osiu k\/Ropy, dzwonnice w Bere\u015bcie i Ochotnicy Dln., kaplic\u0119 i plebani\u0119 w Nawojowej, adaptacj\u0119 Starej synagogi s\u0105deckiej na funkcj\u0119 muzealn\u0105, stacje Drogi Krzy\u017cowej na Starym Cmentarzu w Nowym S\u0105czu. Na wystawie mo\u017cna te\u017c zobaczy\u0107 fragmenty dokumentacji powsta\u0142ej przy inwentaryzacji obiekt\u00f3w, kt\u00f3re by\u0142y przenoszone do s\u0105deckiego skansenu lub innych miejsc, odtwarzanie zniszczonych fragment\u00f3w lub ich rewaloryzacji w miejscu ich powstania, projekty przystosowania do nowych funkcji b\u0105d\u009f stanowi\u0105cych \u015bwiadectwo po nieistniej\u0105cych ju\u017c obiektach.<\/p>\n\n\n\n<p>Odskoczni\u0105 od przestrzegania rygor\u00f3w in\u017cynierskich, ujawniaj\u0105c\u0105 jego wra\u017cliwo\u015b\u0107 na pi\u0119kno, sta\u0142o si\u0119 dla Lewczuka malarstwo. a \u015bci\u015blej m\u00f3wi\u0105c, akwarela. Jest to, wbrew pozorom, bardzo trudna technika. W jego obrazach malowanych z natury dominuj\u0105 tematy: fragmenty miejskiego i wiejskiego pejza\u017cu oraz ulubiony motyw: drzewa. S\u0105 pe\u0142ne lirycznego nastroju. Znajdziemy te\u017c motywy z Wielopola. R\u00f3wnie\u017c logo naszego Stowarzyszenia jest Jego autorstwa.<\/p>\n\n\n\n<p>Warto odwiedzi\u0107 s\u0105deckie Muzeum by zapozna\u0107 si\u0119 z dokonaniami (to tylko male\u0144ki fragment!) tego zas\u0142u\u017conego dla S\u0105decczyzny architekta i zanurzy\u0107 si\u0119 w ciszy emanuj\u0105cej z jego obraz\u00f3w. <\/p>\n\n\n\n<p>Opracowanie i reprodukcje: Halina Starzyk, Stefan Opalski<\/p>\n\n\n\n<figure class=\"wp-block-gallery has-nested-images columns-default is-cropped wp-block-gallery-1 is-layout-flex wp-block-gallery-is-layout-flex\">\n<figure class=\"wp-block-image size-large\"><a href=\"https:\/\/www.nowa.wielopolesolectwo.pl\/wp-content\/uploads\/2025\/12\/2_min.jpg\"><img loading=\"lazy\" decoding=\"async\" width=\"1003\" height=\"712\" data-id=\"284\" src=\"https:\/\/www.nowa.wielopolesolectwo.pl\/wp-content\/uploads\/2025\/12\/2_min.jpg\" alt=\"\" class=\"wp-image-284\" srcset=\"https:\/\/www.nowa.wielopolesolectwo.pl\/wp-content\/uploads\/2025\/12\/2_min.jpg 1003w, https:\/\/www.nowa.wielopolesolectwo.pl\/wp-content\/uploads\/2025\/12\/2_min-980x696.jpg 980w, https:\/\/www.nowa.wielopolesolectwo.pl\/wp-content\/uploads\/2025\/12\/2_min-480x341.jpg 480w\" sizes=\"(min-width: 0px) and (max-width: 480px) 480px, (min-width: 481px) and (max-width: 980px) 980px, (min-width: 981px) 1003px, 100vw\" \/><\/a><\/figure>\n\n\n\n<figure class=\"wp-block-image size-large\"><a href=\"https:\/\/www.nowa.wielopolesolectwo.pl\/wp-content\/uploads\/2025\/12\/1_min-1.jpg\"><img loading=\"lazy\" decoding=\"async\" width=\"286\" height=\"394\" data-id=\"290\" src=\"https:\/\/www.nowa.wielopolesolectwo.pl\/wp-content\/uploads\/2025\/12\/1_min-1.jpg\" alt=\"\" class=\"wp-image-290\" srcset=\"https:\/\/www.wielopolesolectwo.pl\/wp-content\/uploads\/2025\/12\/1_min-1.jpg 286w, https:\/\/www.wielopolesolectwo.pl\/wp-content\/uploads\/2025\/12\/1_min-1-218x300.jpg 218w\" sizes=\"(max-width: 286px) 100vw, 286px\" \/><\/a><\/figure>\n\n\n\n<figure class=\"wp-block-image size-large\"><a href=\"https:\/\/www.nowa.wielopolesolectwo.pl\/wp-content\/uploads\/2025\/12\/3.jpg\"><img loading=\"lazy\" decoding=\"async\" width=\"1012\" height=\"720\" data-id=\"283\" src=\"https:\/\/www.nowa.wielopolesolectwo.pl\/wp-content\/uploads\/2025\/12\/3.jpg\" alt=\"\" class=\"wp-image-283\" srcset=\"https:\/\/www.nowa.wielopolesolectwo.pl\/wp-content\/uploads\/2025\/12\/3.jpg 1012w, https:\/\/www.nowa.wielopolesolectwo.pl\/wp-content\/uploads\/2025\/12\/3-980x697.jpg 980w, https:\/\/www.nowa.wielopolesolectwo.pl\/wp-content\/uploads\/2025\/12\/3-480x342.jpg 480w\" sizes=\"(min-width: 0px) and (max-width: 480px) 480px, (min-width: 481px) and (max-width: 980px) 980px, (min-width: 981px) 1012px, 100vw\" \/><\/a><\/figure>\n<\/figure>\n","protected":false},"excerpt":{"rendered":"<p>Zygmunt Lewczuk mieszka w\u015br\u00f3d nas w Wielopolu od 40-u lat. W nowos\u0105deckim Domu Gotyckim przy ul. Lwowskiej 3, z okazji 50-tej rocznicy jego pracy zawodowej trwa wystawa jego akwarel, zdj\u0119\u0107 z realizacji projekt\u00f3w, fragment\u00f3w dokumentacji architektonicznych i zdj\u0119\u0107 z pocz\u0105tk\u00f3w budowy s\u0105deckiego skansenu. Zygmunt Lewczuk uko\u0144czy\u0142 studia na Wydziale Architektury Politechniki Krakowskiej. By\u0142 pierwszym budowniczym [&hellip;]<\/p>\n","protected":false},"author":1,"featured_media":293,"comment_status":"closed","ping_status":"open","sticky":false,"template":"","format":"standard","meta":{"footnotes":""},"categories":[4],"tags":[],"class_list":["post-281","post","type-post","status-publish","format-standard","has-post-thumbnail","hentry","category-aktualnosci"],"_links":{"self":[{"href":"https:\/\/www.wielopolesolectwo.pl\/index.php\/wp-json\/wp\/v2\/posts\/281","targetHints":{"allow":["GET"]}}],"collection":[{"href":"https:\/\/www.wielopolesolectwo.pl\/index.php\/wp-json\/wp\/v2\/posts"}],"about":[{"href":"https:\/\/www.wielopolesolectwo.pl\/index.php\/wp-json\/wp\/v2\/types\/post"}],"author":[{"embeddable":true,"href":"https:\/\/www.wielopolesolectwo.pl\/index.php\/wp-json\/wp\/v2\/users\/1"}],"replies":[{"embeddable":true,"href":"https:\/\/www.wielopolesolectwo.pl\/index.php\/wp-json\/wp\/v2\/comments?post=281"}],"version-history":[{"count":7,"href":"https:\/\/www.wielopolesolectwo.pl\/index.php\/wp-json\/wp\/v2\/posts\/281\/revisions"}],"predecessor-version":[{"id":300,"href":"https:\/\/www.wielopolesolectwo.pl\/index.php\/wp-json\/wp\/v2\/posts\/281\/revisions\/300"}],"wp:featuredmedia":[{"embeddable":true,"href":"https:\/\/www.wielopolesolectwo.pl\/index.php\/wp-json\/wp\/v2\/media\/293"}],"wp:attachment":[{"href":"https:\/\/www.wielopolesolectwo.pl\/index.php\/wp-json\/wp\/v2\/media?parent=281"}],"wp:term":[{"taxonomy":"category","embeddable":true,"href":"https:\/\/www.wielopolesolectwo.pl\/index.php\/wp-json\/wp\/v2\/categories?post=281"},{"taxonomy":"post_tag","embeddable":true,"href":"https:\/\/www.wielopolesolectwo.pl\/index.php\/wp-json\/wp\/v2\/tags?post=281"}],"curies":[{"name":"wp","href":"https:\/\/api.w.org\/{rel}","templated":true}]}}