{"id":295,"date":"2019-04-24T22:05:56","date_gmt":"2019-04-24T21:05:56","guid":{"rendered":"https:\/\/www.nowa.wielopolesolectwo.pl\/?p=295"},"modified":"2025-12-06T13:01:34","modified_gmt":"2025-12-06T12:01:34","slug":"dwudniowa-wycieczka-szlakiem-piastow-slaskich","status":"publish","type":"post","link":"https:\/\/www.wielopolesolectwo.pl\/index.php\/2019\/04\/24\/dwudniowa-wycieczka-szlakiem-piastow-slaskich\/","title":{"rendered":"Dwudniowa wycieczka &#8222;Szlakiem Piast\u00f3w \u015bl\u0105skich&#8221;"},"content":{"rendered":"\n<p>Z przyjemno\u015bci\u0105 informujemy wszystkich mieszka\u0144c\u00f3w gminy Che\u0142miec, \u017ce nasze Stowarzyszenie w ramach zadania publicznego wspieranego przez Gmin\u0119 Che\u0142miec: \"Kultura, ochrona d\u00f3br kultury i zachowanie tradycji regionalnych poprzez: upami\u0119tnianie miejsc pami\u0119ci narodowej oraz piel\u0119gnowanie polsko\u015bci i tradycji narodowej\", organizuje wycieczk\u0119 historyczn\u0105 i krajoznawcz\u0105 pn.: \"Szlakiem Piast\u00f3w \u015bl\u0105skich\", kt\u00f3ra odb\u0119dzie si\u0119 w dniach 01.06.2019 - 02.06.2019 r.<\/p>\n\n\n\n<p>W ramach wycieczki planuje si\u0119 zwiedzanie: <strong>Program<\/strong><\/p>\n\n\n\n<p>Wycieczka historyczna i krajoznawcza pn.: Szlakiem Piast\u00f3w \u015bl\u0105skich (01 - 02.06.2019 r.)<\/p>\n\n\n\n<p>W ramach naszej wycieczki planuje si\u0119 zwiedzanie:<\/p>\n\n\n\n<p><strong>Dzie\u0144 I<\/strong><\/p>\n\n\n\n<p>1. Zwiedzanie Wroc\u0142awia z przewodnikiem, kt\u00f3ry poka\u017ce i opowie o najwa\u017cniejszych atrakcjach miasta m.in. Rynku, Ostrowie Tumskim, Katedrze, Uniwersytecie, Ratuszu.<\/p>\n\n\n\n<ul class=\"wp-block-list\">\n<li>Ostr\u00f3w Tumski (dawniej osobna wyspa) - najstarsza, zabytkowa cz\u0119\u015b\u0107 Wroc\u0142awia zasiedlona co najmniej od IX wieku, sw\u00f3j rozw\u00f3j zawdzi\u0119cza dogodnemu po\u0142o\u017ceniu, gdy\u017c by\u0142 to najwygodniejszy punkt przekraczania Odry.<\/li>\n\n\n\n<li>Stare Miasto - najstarsza i najciekawsza cz\u0119\u015b\u0107 lewobrze\u017cnego Wroc\u0142awia, wywodz\u0105ca si\u0119 z trzynastowiecznego miasta lokacyjnego, m.in. ulice: Sukiennice, Rze\u009fnicza, Ku\u009fnicza, O\u0142awska, Psie Budy, Szewska, Uniwersytecka, Kotlarska, Odrza\u0144ska, \u0141aciarska, Wita Stwosza, Kurzy Targ, Bia\u0142osk\u00f3rnicza.<\/li>\n\n\n\n<li>Rynek ze Starym Ratuszem, Nowym Ratuszem, Piwnic\u0105 \u015bwidnick\u0105 i Browarem Spi\u017c - jeden z najwi\u0119kszych rynk\u00f3w staromiejskich w Europie o wymiarach 205 na 175 m. Otaczaj\u0105ce budynki reprezentuj\u0105 style r\u00f3\u017cnych epok.<\/li>\n<\/ul>\n\n\n\n<p>2. Zwiedzanie Panoramy Rac\u0142awickiej Budynek muzeum, wzniesiony w latach 1961 - 1985 wed\u0142ug projektu Ewy Dzieko\u0144skiej i Marka Dzieko\u0144skiego, zosta\u0142 wpisany do rejestru zabytk\u00f3w w 1991. Eksponuje cykloramiczny obraz Bitwa pod Rac\u0142awicami namalowany w latach 1893\u00961894 przez zesp\u00f3\u0142 malarzy pod kierunkiem Jana Styki i Wojciecha Kossaka. Obraz olejny przedstawia bitw\u0119 pod Rac\u0142awicami (1794), jeden z epizod\u00f3w insurekcji ko\u015bciuszkowskiej, zwyci\u0119stwo wojsk polskich pod dow\u00f3dztwem gen. Tadeusza Ko\u015bciuszki nad wojskami rosyjskimi pod dow\u00f3dztwem gen. Aleksandra Tormasowa.<\/p>\n\n\n\n<p><strong>Dzie\u0144 II<\/strong><\/p>\n\n\n\n<p>1. Zwiedzanie Zamku Ksi\u0105\u017c - z przewodnikiem. Zamek w Ksi\u0105\u017cu zosta\u0142 wybudowany w latach 1288 - 1292 przez ksi\u0119cia \u015bwidnicko-jaworskiego Bolka I Surowego, Budynek rozbudowa\u0142 jego wnuk, Bolko II. Po wyga\u015bni\u0119ciu linii rodzinnej Ksi\u0105\u017c wraz z reszt\u0105 ksi\u0119stwa przeszed\u0142 pod ber\u0142o monarchy czeskiego Wac\u0142awa IV i sta\u0142 si\u0119 siedzib\u0105 kolejnych starost\u00f3w, nie zawsze lojalnych wobec swoich kr\u00f3l\u00f3w.<\/p>\n\n\n\n<p>W 1497 kr\u00f3l czeski i w\u0119gierski W\u0142adys\u0142aw II Jagiello\u0144czyk sprzeda\u0142 zamek swojemu dworzaninowi, Janowi von Schellenbergowi, kt\u00f3ry nast\u0119pnie sprzeda\u0142 go w 1503 rodzinie von Haugwitz\u00f3w z G\u0142ubczyc. W czasie wojny trzydziestoletniej Ksi\u0105\u017c kilkakrotnie ulega\u0142 cz\u0119\u015bciowemu zniszczeniu i by\u0142 pl\u0105drowany. Zniszczone umocnienia przebudowano w 1648 na tarasy ogrodowe w stylu francuskim. Natomiast przebudow\u0119 w stylu barokowym zleci\u0142 w latach 1705\u00961732 Konrad Ernst Maksymilian von Hochberg.<\/p>\n\n\n\n<p>W XIX i XX wieku w zamku go\u015bci\u0142o wiele s\u0142aw, w\u015br\u00f3d nich Izabela Czartoryska, Zygmunt Krasi\u0144ski, car Miko\u0142aj I Romanow, Winston Churchill i inni. W latach 1909 - 1923 Przed I wojn\u0105 \u015bwiatow\u0105 wybudowano tak\u017ce palmiarni\u0119 w Lubiechowie i urz\u0105dzono ogr\u00f3d japo\u0144ski. Ostatni\u0105 z rodziny Hochberg\u00f3w na zamku by\u0142a Maria Teresa Oliwia Hochberg von Pless, zmuszona w 1940 do opuszczenia Ksi\u0105\u017ca. W 1941 w\u0142adze III Rzeszy przej\u0119\u0142y zamek, a Organizacja Todt przyst\u0105pi\u0142a do przekszta\u0142cania zamku w jedn\u0105 z kwater Adolfa Hitlera.<\/p>\n\n\n\n<p>Podczas przebudowy zniszczono wi\u0119kszo\u015b\u0107 zabytkowego wystroju wn\u0119trza. Przed g\u0142\u00f3wnym portalem wydr\u0105\u017cono szyb windowy g\u0142\u0119boko\u015bci 40 metr\u00f3w, a pod zamkiem tunele i podziemny schron. W tym czasie w zamku przechowywano cz\u0119\u015b\u0107 zbior\u00f3w berli\u0144skiej Biblioteki Pa\u0144stwowe. Wed\u0142ug niekt\u00f3rych badaczy by\u0142a to mistyfikacja - w rzeczywisto\u015bci pod obiektem powsta\u0142 podziemny kompleks, maj\u0105cy s\u0142u\u017cy\u0107 jako fabryka sprz\u0119tu wojskowego, depozyt cennych przedmiot\u00f3w oraz tajnych dokument\u00f3w, a tak\u017ce, podobnie jak ca\u0142a okolica, miejsce bada\u0144 nad broni\u0105 atomow\u0105. Po drugiej wojnie \u015bwiatowej Ksi\u0105\u017c znalaz\u0142 si\u0119 w granicach Polski.<\/p>\n\n\n\n<p>W roku 2018 zamek znalaz\u0142 si\u0119 na li\u015bcie \"7 cud\u00f3w Polski\" na 100-lecie Niepodleg\u0142o\u015bci Polski <strong>Harmonogram wycieczki<\/strong><\/p>\n\n\n\n<figure class=\"wp-block-table\"><table class=\"has-fixed-layout\"><tbody><tr><th colspan=\"2\"><strong>Dzie\u0144 I (01.06.2019 r.)<\/strong><\/th><\/tr><tr><td>4.45<\/td><td>Zbi\u00f3rka - przy \u015bwietlicy w Wielopolu<\/td><\/tr><tr><td>5.00<\/td><td>Wyjazd z Wielopola - przejazd do Wroc\u0142awia<\/td><\/tr><tr><td>11.00<\/td><td>Zwiedzanie Wroc\u0142awia<\/td><\/tr><tr><td>Ok. 19.00<\/td><td>Obiadokolacja - jak zwykle pyszna. Po posi\u0142ku nocleg<\/td><\/tr><tr><th colspan=\"2\"><strong>Dzie\u0144 II (02.06.2019 r.)<\/strong><\/th><\/tr><tr><td>8.00<\/td><td>\u015aniadanie<\/td><\/tr><tr><td>10.00<\/td><td>Zwiedzanie zamku Ksi\u0105\u017c<\/td><\/tr><tr><td>13.30<\/td><td>Zwiedzanie podziemnego miasta Os\u00f3wek<\/td><\/tr><tr><td>ok. 23.00<\/td><td>Powr\u00f3t do Wielopola<\/td><\/tr><\/tbody><\/table><\/figure>\n\n\n\n<p>Kierownikiem wycieczki jest p. Ryszard \u0141akomski, tel. 601 547 566<br>Koordynator projektu jest p. Stefan Opalski, tel. 608 130 035 oraz p. Beata Turska, tel. 607 936 768.<\/p>\n\n\n\n<p><strong>WA\u017bNE INFORMACJE!!!<\/strong><\/p>\n\n\n\n<ul class=\"wp-block-list\">\n<li>Zapisy do udzia\u0142u w wycieczce mo\u017cna zg\u0142asza\u0107 telefonicznie, mailem lub osobi\u015bcie do dnia <strong>25.05.2019 r.<\/strong><\/li>\n\n\n\n<li>Ilo\u015b\u0107 uczestnik\u00f3w wycieczki jest ograniczona.<\/li>\n\n\n\n<li>Ka\u017cdy uczestnik wycieczki zostanie ubezpieczony.<\/li>\n<\/ul>\n\n\n\n<p>Dop\u0142ata do wycieczki wynosi:<\/p>\n\n\n\n<ul class=\"wp-block-list\">\n<li>300 z\u0142. (trzysta z\u0142otych) od osoby doros\u0142ej,<\/li>\n\n\n\n<li>275 z\u0142. (dwie\u015bcie siedemdziesi\u0105t pi\u0119\u0107) od m\u0142odzie\u017cy szkolnej,<\/li>\n\n\n\n<li>260 z\u0142. (dwie\u015bcie sze\u015b\u0107dziesi\u0105t z\u0142otych) od m\u0142odzie\u017cy szkolnej uczestnicz\u0105cej w sprz\u0105taniu Wielopola: \"\u015amieci mniej - Ziemi l\u017cej\u0094 i posiadaj\u0105cej certyfikaty uczestnictwa.<\/li>\n<\/ul>\n\n\n\n<p>Kwot\u0119, kt\u00f3r\u0105 nale\u017cy wp\u0142aci\u0107 na konto Stowarzyszenia: \u0141\u0105cki Bank Sp\u00f3\u0142dzielczy, 46 8805 0009 0045 0472 2000 0010 w tytule przelewu prosz\u0119 wpisa\u0107: \"Imi\u0119 i nazwisko uczestnika (-\u00f3w) na cele statutowe Stowarzyszenia\"<\/p>\n\n\n\n<p>do dnia 25.05.2019 r., lub indywidualnie pani Beacie Turskiej lub Ryszardowi \u0141akomskiemu.<\/p>\n\n\n\n<p>Przed podj\u0119ciem decyzji o udziale w wycieczce prosz\u0119 zaznajomi\u0107 si\u0119 z:<\/p>\n\n\n\n<ul class=\"wp-block-list\">\n<li><a href=\"https:\/\/www.wielopolesolectwo.pl\/other\/formularz_wroclaw.pdf\">Formularz zg\u0142oszeniowy<\/a> oraz<\/li>\n\n\n\n<li><a href=\"https:\/\/www.wielopolesolectwo.pl\/other\/oswiadczenie_wroclaw_2019.pdf\">o\u015bwiadczenie o zgodzie na przetwarzanie danych osobowych.<\/a><\/li>\n<\/ul>\n\n\n\n<p>Dokumenty te powinny by\u0107 wype\u0142nione przez uczestnik\u00f3w wycieczki do dnia <strong>25.05.2019 r.<\/strong> i dostarczone do pani Beaty Turskiej lub Ryszarda \u0141akomskiego.<\/p>\n\n\n\n<p>Uczestnicy wycieczki winni zabra\u0107 ze sob\u0105 dowody osobiste dokumenty uprawniaj\u0105ce ich do ulg i zni\u017cek na bilety wst\u0119pu (emeryci, renci\u015bci, m\u0142odzie\u017c szkolna, studenci itp...)<\/p>\n\n\n\n<p><a href=\"mailto:tomek_drzy@op.pl\">Cop<\/a><\/p>\n","protected":false},"excerpt":{"rendered":"<p>Z przyjemno\u015bci\u0105 informujemy wszystkich mieszka\u0144c\u00f3w gminy Che\u0142miec, \u017ce nasze Stowarzyszenie w ramach zadania publicznego wspieranego przez Gmin\u0119 Che\u0142miec: &#8222;Kultura, ochrona d\u00f3br kultury i zachowanie tradycji regionalnych poprzez: upami\u0119tnianie miejsc pami\u0119ci narodowej oraz piel\u0119gnowanie polsko\u015bci i tradycji narodowej&#8221;, organizuje wycieczk\u0119 historyczn\u0105 i krajoznawcz\u0105 pn.: &#8222;Szlakiem Piast\u00f3w \u015bl\u0105skich&#8221;, kt\u00f3ra odb\u0119dzie si\u0119 w dniach 01.06.2019 &#8211; 02.06.2019 r. [&hellip;]<\/p>\n","protected":false},"author":1,"featured_media":301,"comment_status":"closed","ping_status":"open","sticky":false,"template":"","format":"standard","meta":{"footnotes":""},"categories":[4],"tags":[],"class_list":["post-295","post","type-post","status-publish","format-standard","has-post-thumbnail","hentry","category-aktualnosci"],"_links":{"self":[{"href":"https:\/\/www.wielopolesolectwo.pl\/index.php\/wp-json\/wp\/v2\/posts\/295","targetHints":{"allow":["GET"]}}],"collection":[{"href":"https:\/\/www.wielopolesolectwo.pl\/index.php\/wp-json\/wp\/v2\/posts"}],"about":[{"href":"https:\/\/www.wielopolesolectwo.pl\/index.php\/wp-json\/wp\/v2\/types\/post"}],"author":[{"embeddable":true,"href":"https:\/\/www.wielopolesolectwo.pl\/index.php\/wp-json\/wp\/v2\/users\/1"}],"replies":[{"embeddable":true,"href":"https:\/\/www.wielopolesolectwo.pl\/index.php\/wp-json\/wp\/v2\/comments?post=295"}],"version-history":[{"count":1,"href":"https:\/\/www.wielopolesolectwo.pl\/index.php\/wp-json\/wp\/v2\/posts\/295\/revisions"}],"predecessor-version":[{"id":297,"href":"https:\/\/www.wielopolesolectwo.pl\/index.php\/wp-json\/wp\/v2\/posts\/295\/revisions\/297"}],"wp:featuredmedia":[{"embeddable":true,"href":"https:\/\/www.wielopolesolectwo.pl\/index.php\/wp-json\/wp\/v2\/media\/301"}],"wp:attachment":[{"href":"https:\/\/www.wielopolesolectwo.pl\/index.php\/wp-json\/wp\/v2\/media?parent=295"}],"wp:term":[{"taxonomy":"category","embeddable":true,"href":"https:\/\/www.wielopolesolectwo.pl\/index.php\/wp-json\/wp\/v2\/categories?post=295"},{"taxonomy":"post_tag","embeddable":true,"href":"https:\/\/www.wielopolesolectwo.pl\/index.php\/wp-json\/wp\/v2\/tags?post=295"}],"curies":[{"name":"wp","href":"https:\/\/api.w.org\/{rel}","templated":true}]}}