{"id":306,"date":"2019-06-05T22:16:45","date_gmt":"2019-06-05T21:16:45","guid":{"rendered":"https:\/\/www.nowa.wielopolesolectwo.pl\/?p=306"},"modified":"2025-12-06T13:02:01","modified_gmt":"2025-12-06T12:02:01","slug":"szlakiem-piastow-slaskich-relacja-zdjecia","status":"publish","type":"post","link":"https:\/\/www.wielopolesolectwo.pl\/index.php\/2019\/06\/05\/szlakiem-piastow-slaskich-relacja-zdjecia\/","title":{"rendered":"&#8222;Szlakiem Piast\u00f3w \u015bl\u0105skich&#8221; &#8211; relacja, zdj\u0119cia"},"content":{"rendered":"\n<p>WYCIECZKA OBJAZDOWA WROC\u0141AW, ZAMEK KSI\u0104\u017b, OS\u00d3WEK pn.: Szlakiem Piast\u00f3w \u015bl\u0105skich<\/p>\n\n\n\n<p>W dniach 01.06.2019 \u0096 02.06.2019 Stowarzyszenie Rozwoju So\u0142ectwa Wielopole w ramach zadania publicznego wspieranego przez Gmin\u0119 Che\u0142miec: \"Kultura, ochrona d\u00f3br kultury i zachowanie tradycji regionalnych poprzez: upami\u0119tnianie miejsc pami\u0119ci narodowej oraz piel\u0119gnowanie polsko\u015bci i tradycji narodowej\", zorganizowa\u0142o wycieczk\u0119 historyczn\u0105 i krajoznawcz\u0105 pn.: \"Szlakiem Piast\u00f3w \u015bl\u0105skich\".<\/p>\n\n\n\n<p>W I dniu we Wroc\u0142awiu zwiedzili\u015bmy Rynek Starego Miasta, Ostr\u00f3w Tumski Katedr\u0119 \u015bw. Jana Chrzciciela. Uczestniczyli\u015bmy w pokazie fontanny wroc\u0142awskiej. Poznali\u015bmy szczeg\u00f3\u0142y powstania monumentu artystycznego \u0084Panoramy Rac\u0142awickiej\u0094 podziwiali\u015bmy jej pi\u0119kno i analizowali\u015bmy taktyk\u0119 prowadzenia bitwy pod Rac\u0142awicami. Spacerowali\u015bmy po pi\u0119knym Ogrodzie Japo\u0144skim by na koniec dnia po pysznej kolacji uda\u0107 si\u0119 do Trzebnicy na odpoczynek.<\/p>\n\n\n\n<p>Dzie\u0144 drugi rozpocz\u0119li\u015bmy od uczestnictwa w mszy \u015bw. w przepi\u0119knej olbrzymim Sanktuarium \u015bwi\u0119tej Jadwigi \u015bl\u0105skiej. Po \u015bniadaniu przemie\u015bcili\u015bmy si\u0119 do Wa\u0142brzycha by zwiedzi\u0107 wspania\u0142y trzeci co do wielko\u015bci na terenie Polski zamek Ksi\u0105\u017c. Ostatnim strategicznym punktem programu wycieczki by\u0142o zwiedzenie kompleksu podziemnych Tuneli w Os\u00f3wku, wybudowanych kosztem tysi\u0119cy istnie\u0144 ludzkich w ramach projektu Riese w G\u00f3rach Sowich.<\/p>\n\n\n\n<p>By\u0142o wspaniale, rado\u015bnie i mi\u0142o.<\/p>\n\n\n\n<p>Ws\u0142uchuj\u0105c si\u0119 w g\u0142os mieszka\u0144c\u00f3w gminy, kt\u00f3rzy wr\u0119cz domagaj\u0105 si\u0119 realizacji takich inicjatyw, ju\u017c podczas podr\u00f3\u017cy powrotnej wybierali\u015bmy cele nast\u0119pnych wycieczek.<\/p>\n\n\n\n<p>Ryszard \u0141akomski<\/p>\n\n\n\n<p><a href=\"https:\/\/photos.app.goo.gl\/EoGVkLn8cHs7B7bu8\">Zapraszamy do galeri<\/a><\/p>\n","protected":false},"excerpt":{"rendered":"<p>WYCIECZKA OBJAZDOWA WROC\u0141AW, ZAMEK KSI\u0104\u017b, OS\u00d3WEK pn.: Szlakiem Piast\u00f3w \u015bl\u0105skich W dniach 01.06.2019 \u0096 02.06.2019 Stowarzyszenie Rozwoju So\u0142ectwa Wielopole w ramach zadania publicznego wspieranego przez Gmin\u0119 Che\u0142miec: &#8222;Kultura, ochrona d\u00f3br kultury i zachowanie tradycji regionalnych poprzez: upami\u0119tnianie miejsc pami\u0119ci narodowej oraz piel\u0119gnowanie polsko\u015bci i tradycji narodowej&#8221;, zorganizowa\u0142o wycieczk\u0119 historyczn\u0105 i krajoznawcz\u0105 pn.: &#8222;Szlakiem Piast\u00f3w \u015bl\u0105skich&#8221;. [&hellip;]<\/p>\n","protected":false},"author":1,"featured_media":307,"comment_status":"closed","ping_status":"open","sticky":false,"template":"","format":"standard","meta":{"footnotes":""},"categories":[4],"tags":[],"class_list":["post-306","post","type-post","status-publish","format-standard","has-post-thumbnail","hentry","category-aktualnosci"],"_links":{"self":[{"href":"https:\/\/www.wielopolesolectwo.pl\/index.php\/wp-json\/wp\/v2\/posts\/306","targetHints":{"allow":["GET"]}}],"collection":[{"href":"https:\/\/www.wielopolesolectwo.pl\/index.php\/wp-json\/wp\/v2\/posts"}],"about":[{"href":"https:\/\/www.wielopolesolectwo.pl\/index.php\/wp-json\/wp\/v2\/types\/post"}],"author":[{"embeddable":true,"href":"https:\/\/www.wielopolesolectwo.pl\/index.php\/wp-json\/wp\/v2\/users\/1"}],"replies":[{"embeddable":true,"href":"https:\/\/www.wielopolesolectwo.pl\/index.php\/wp-json\/wp\/v2\/comments?post=306"}],"version-history":[{"count":1,"href":"https:\/\/www.wielopolesolectwo.pl\/index.php\/wp-json\/wp\/v2\/posts\/306\/revisions"}],"predecessor-version":[{"id":308,"href":"https:\/\/www.wielopolesolectwo.pl\/index.php\/wp-json\/wp\/v2\/posts\/306\/revisions\/308"}],"wp:featuredmedia":[{"embeddable":true,"href":"https:\/\/www.wielopolesolectwo.pl\/index.php\/wp-json\/wp\/v2\/media\/307"}],"wp:attachment":[{"href":"https:\/\/www.wielopolesolectwo.pl\/index.php\/wp-json\/wp\/v2\/media?parent=306"}],"wp:term":[{"taxonomy":"category","embeddable":true,"href":"https:\/\/www.wielopolesolectwo.pl\/index.php\/wp-json\/wp\/v2\/categories?post=306"},{"taxonomy":"post_tag","embeddable":true,"href":"https:\/\/www.wielopolesolectwo.pl\/index.php\/wp-json\/wp\/v2\/tags?post=306"}],"curies":[{"name":"wp","href":"https:\/\/api.w.org\/{rel}","templated":true}]}}