{"id":312,"date":"2019-08-21T22:35:47","date_gmt":"2019-08-21T21:35:47","guid":{"rendered":"https:\/\/www.nowa.wielopolesolectwo.pl\/?p=312"},"modified":"2025-12-06T13:02:39","modified_gmt":"2025-12-06T12:02:39","slug":"wiejski-festyn-relacja-zdjecia","status":"publish","type":"post","link":"https:\/\/www.wielopolesolectwo.pl\/index.php\/2019\/08\/21\/wiejski-festyn-relacja-zdjecia\/","title":{"rendered":"Wiejski Festyn &#8211; relacja, zdj\u0119cia"},"content":{"rendered":"\n<p><strong>Ale si\u0119 dzia\u0142o!<\/strong><\/p>\n\n\n\n<p>10 sierpnia, po raz kolejny odby\u0142 si\u0119 Festyn Wiejski zorganizowany przez So\u0142tysa i Rad\u0119 So\u0142eck\u0105, przy wsp\u00f3\u0142udziale Stowarzyszenia Rozwoju So\u0142ectwa Wielopole pod okiem Prezesa Pana Stefana Opalskiego i Ko\u0142a Gospody\u0144 Wiejskich pod kierownictwem Pani Teresy Borkowskiej.<\/p>\n\n\n\n<p>Przybyli zaproszeni go\u015bcie w osobach: Starosta Nowos\u0105decki Pan Marek Kwiatkowski, Radna Powiatu Nowos\u0105deckiego Pani Barbara Szarota, Przewodnicz\u0105cy Rady Gminy Pan Wies\u0142aw Szo\u0142drowski z Ma\u0142\u017conk\u0105 i Radny Gminy Che\u0142miec, So\u0142tys Wielog\u0142\u00f3w Pan Pawe\u0142 Basta z Ma\u0142\u017conk\u0105. Du\u017c\u0105 rado\u015b\u0107 zebranym sprawi\u0142o te\u017c pojawienie si\u0119 Ks. Proboszcza Eugeniusza Mro\u017cka z Parafii w Zabe\u0142czu.<\/p>\n\n\n\n<p>Mieszka\u0144cy m\u0142odsi i starsi stawili si\u0119 t\u0142umnie. Wszyscy podziwiali wystaw\u0119 prac cz\u0142onki\u0144 Ko\u0142a Gospody\u0144 Wiejskich i wystr\u00f3j namiot\u00f3w. Pierwsza cz\u0119\u015b\u0107 programu imprezy adresowana by\u0142a g\u0142\u00f3wnie do dzieci i m\u0142odzie\u017cy. Przewidziano wiele atrakcji: konkursy, zabawy, malowanie twarzy, dmucha\u0144ce, jazda na kucykach. Cz\u0119stowano lodami, cukierkami, popcornem. Wiele emocji wywo\u0142a\u0142a rywalizacja przy dojeniu \u0084krowy\u0094 zako\u0144czona rozdaniem nagr\u00f3d. Jak zwykle zachwyty wzbudzi\u0142y wyst\u0119py m\u0142odych talent\u00f3w: Gabrysi Popieli, Martyny i Natalii Majoch, Wiktorii Pa\u0142ki oraz Dustina Zi\u00f3\u0142kowskiego. Podczas ca\u0142ej imprezy serwowano wiele r\u00f3\u017cnorodnych potraw: na grillu pieczone by\u0142y kie\u0142baski i kaszanka w kapu\u015bcie, w kocio\u0142ku grza\u0142a si\u0119 egzotyczna potrawa, podawano podp\u0142omyki i swojski chleb ze smalcem i og\u00f3rkiem, barszczyk z uszkami, pieczon\u0105 kark\u00f3wk\u0119, hot-dogi i du\u017cy wyb\u00f3r domowych ciast.<\/p>\n\n\n\n<p>W drugiej cz\u0119\u015bci programu pojawi\u0142 si\u0119, znany z poprzedniego roku, Kabaret Starszych Pa\u0144, a po nim na scen\u0119 wkroczy\u0142a rodzima rodzinna orkiestra. Ta\u0144czono t\u0142umnie na parkiecie. Bawi\u0105cych nie przestraszy\u0142 pojawiaj\u0105cy si\u0119 okresowo deszcz, a nawet w p\u00f3\u009fnych godzinach wieczornych rz\u0119sista ulewa, kt\u00f3ra w opinii wielu os\u00f3b spe\u0142ni\u0142a tradycj\u0119 i by\u0142a swoist\u0105 atrakcj\u0105 wieczoru. W strugach sp\u0142ywaj\u0105cej wody ta\u0144czono i bawiono si\u0119 do p\u00f3\u0142nocy. M\u00f3wi si\u0119, i\u017c najstarsi ludzie nie pami\u0119taj\u0105 tak udanej zabawy.<\/p>\n\n\n\n<p>W tym miejscu pragn\u0119 podzi\u0119kowa\u0107 wszystkim, kt\u00f3rzy pomogli w przygotowaniu i prowadzeniu tej imprezy. Os\u00f3b tych by\u0142o ponad 50. Z obawy, \u017ce kogo\u015b pomin\u0119 (czym sprawi\u0119 zrozumia\u0142\u0105 przykro\u015b\u0107), nie wymieni\u0119 ich tutaj. Podzi\u0119kuj\u0119 tu tylko g\u0142\u00f3wnym sponsorom:<br>- Panu Antoniemu Janikowi z Rodzin\u0105 - za udost\u0119pnienie i przygotowanie terenu pod imprez\u0119, wk\u0142ad finansowy, rzeczowy i osobisty udzia\u0142 w przygotowaniu,<br>- Panu S\u0142awomirowi Kaliszowi - za wyborny bigos,<br>- firmie \"Koral\" - za pyszne lody,<br>- Urz\u0119dowi Gminy Che\u0142miec - za estrad\u0119 i dmucha\u0144ce,<br>- wszystkim zaanga\u017cowanym w przygotowanie i serwowanie potraw, monta\u017c i transport element\u00f3w konstrukcyjnych i wyposa\u017cenia namiot\u00f3w, aran\u017cacj\u0119 i wykonanie wystroju namiot\u00f3w, przygotowanie i organizacj\u0119 zabaw i konkurs\u00f3w dla dzieci.<\/p>\n\n\n\n<p>Jeszcze raz dzi\u0119kuj\u0119 wszystkim, a tak\u017ce uczestnikom za liczny udzia\u0142 i stworzenie niepowtarzalnej atmosfery.<\/p>\n\n\n\n<p>So\u0142tys Wielopola<br>Aleksandra Opalska<\/p>\n\n\n\n<p><a href=\"https:\/\/photos.app.goo.gl\/Vx9ErsFjJ2Vp2exo8\">Zapraszamy do galeri<\/a><\/p>\n","protected":false},"excerpt":{"rendered":"<p>Ale si\u0119 dzia\u0142o! 10 sierpnia, po raz kolejny odby\u0142 si\u0119 Festyn Wiejski zorganizowany przez So\u0142tysa i Rad\u0119 So\u0142eck\u0105, przy wsp\u00f3\u0142udziale Stowarzyszenia Rozwoju So\u0142ectwa Wielopole pod okiem Prezesa Pana Stefana Opalskiego i Ko\u0142a Gospody\u0144 Wiejskich pod kierownictwem Pani Teresy Borkowskiej. Przybyli zaproszeni go\u015bcie w osobach: Starosta Nowos\u0105decki Pan Marek Kwiatkowski, Radna Powiatu Nowos\u0105deckiego Pani Barbara Szarota, [&hellip;]<\/p>\n","protected":false},"author":1,"featured_media":313,"comment_status":"closed","ping_status":"open","sticky":false,"template":"","format":"standard","meta":{"footnotes":""},"categories":[4],"tags":[],"class_list":["post-312","post","type-post","status-publish","format-standard","has-post-thumbnail","hentry","category-aktualnosci"],"_links":{"self":[{"href":"https:\/\/www.wielopolesolectwo.pl\/index.php\/wp-json\/wp\/v2\/posts\/312","targetHints":{"allow":["GET"]}}],"collection":[{"href":"https:\/\/www.wielopolesolectwo.pl\/index.php\/wp-json\/wp\/v2\/posts"}],"about":[{"href":"https:\/\/www.wielopolesolectwo.pl\/index.php\/wp-json\/wp\/v2\/types\/post"}],"author":[{"embeddable":true,"href":"https:\/\/www.wielopolesolectwo.pl\/index.php\/wp-json\/wp\/v2\/users\/1"}],"replies":[{"embeddable":true,"href":"https:\/\/www.wielopolesolectwo.pl\/index.php\/wp-json\/wp\/v2\/comments?post=312"}],"version-history":[{"count":1,"href":"https:\/\/www.wielopolesolectwo.pl\/index.php\/wp-json\/wp\/v2\/posts\/312\/revisions"}],"predecessor-version":[{"id":314,"href":"https:\/\/www.wielopolesolectwo.pl\/index.php\/wp-json\/wp\/v2\/posts\/312\/revisions\/314"}],"wp:featuredmedia":[{"embeddable":true,"href":"https:\/\/www.wielopolesolectwo.pl\/index.php\/wp-json\/wp\/v2\/media\/313"}],"wp:attachment":[{"href":"https:\/\/www.wielopolesolectwo.pl\/index.php\/wp-json\/wp\/v2\/media?parent=312"}],"wp:term":[{"taxonomy":"category","embeddable":true,"href":"https:\/\/www.wielopolesolectwo.pl\/index.php\/wp-json\/wp\/v2\/categories?post=312"},{"taxonomy":"post_tag","embeddable":true,"href":"https:\/\/www.wielopolesolectwo.pl\/index.php\/wp-json\/wp\/v2\/tags?post=312"}],"curies":[{"name":"wp","href":"https:\/\/api.w.org\/{rel}","templated":true}]}}