{"id":315,"date":"2019-08-27T22:37:30","date_gmt":"2019-08-27T21:37:30","guid":{"rendered":"https:\/\/www.nowa.wielopolesolectwo.pl\/?p=315"},"modified":"2025-12-06T13:02:54","modified_gmt":"2025-12-06T12:02:54","slug":"jednodniowa-wycieczka-do-oswiecimia-oraz-krakowa","status":"publish","type":"post","link":"https:\/\/www.wielopolesolectwo.pl\/index.php\/2019\/08\/27\/jednodniowa-wycieczka-do-oswiecimia-oraz-krakowa\/","title":{"rendered":"Jednodniowa wycieczka do O\u015bwi\u0119cimia oraz Krakowa"},"content":{"rendered":"\n<p><strong>Ko\u0142o Gospody\u0144 Wiejskich Wielopole zaprasza mieszka\u0144c\u00f3w do udzia\u0142u w wycieczce historyczno-edukacyjnej w dniu 28.09.2019. (sobota) do zwiedzania:<\/strong><\/p>\n\n\n\n<p><strong>1. Obozu zag\u0142ady KL Auschwitz-Birkenau<\/strong><\/p>\n\n\n\n<p>Ob\u00f3z Auschwitz sta\u0142 si\u0119 dla \u015bwiata symbolem terroru, ludob\u00f3jstwa i Szoa. Utworzony zosta\u0142 przez Niemc\u00f3w w po\u0142owie 1940 r. na przedmie\u015bciach O\u015bwi\u0119cimia, w\u0142\u0105czonego przez nazist\u00f3w do Trzeciej Rzeszy. Bezpo\u015brednim powodem utworzenia obozu by\u0142a powi\u0119kszaj\u0105ca si\u0119 liczba aresztowanych masowo Polak\u00f3w i przepe\u0142nienie istniej\u0105cych wi\u0119zie\u0144. Pierwszy transport Polak\u00f3w dotar\u0142 do KL Auschwitz 14 czerwca 1940 r. z wi\u0119zienia w Tarnowie. - od 1942 r. - sta\u0142 si\u0119 r\u00f3wnocze\u015bnie jednym z o\u015brodk\u00f3w\"\u0084ostatecznego rozwi\u0105zania kwestii \u017cydowskiej\" - nazistowskiego planu wymordowania \u017byd\u00f3w zamieszkuj\u0105cych okupowane przez III Rzesz\u0119 tereny<\/p>\n\n\n\n<p><strong>2. Sanktuarium Bo\u017cego Mi\u0142osierdzia w Krakowie-\u0141agiewnikach<\/strong><\/p>\n\n\n\n<p>Historia sanktuarium Bo\u017cego Mi\u0142osierdzia w Krakowie-\u0141agiewnikach jest \u015bci\u015ble zwi\u0105zana z postaci\u0105 \u015bw. Siostry Faustyny Kowalskiej (1905-1938) ze Zgromadzenia Matki Bo\u017cej Mi\u0142osierdzia, przez kt\u00f3r\u0105 Chrystus przekaza\u0142 Ko\u015bcio\u0142owi i \u015bwiatu wielkie or\u0119dzie o Bo\u017cym mi\u0142osierdziu. W \u0142agiewnickim klasztorze Siostra Faustyna sp\u0119dzi\u0142a kilka lat swego \u017cycia i w nim zmar\u0142a. \u0141agiewnickie Sanktuarium t\u0119tni \u017cyciem duchowym i apostolskim. Jest nie tylko miejscem wielu objawie\u0144 (ponad 280), jakie tutaj mia\u0142a \u015bw. Siostra Faustyna, ale i cud\u00f3w, o czym \u015bwiadcz\u0105 cho\u0107by wota w kaplicy czy tysi\u0105ce list\u00f3w z\u0142o\u017conych w klasztornym archiwum. Przed \u0142askami s\u0142yn\u0105cym obrazem i przy grobie \u015bw. Siostry Faustyny modl\u0105 si\u0119 pielgrzymi ze wszystkich kontynent\u00f3w<\/p>\n\n\n\n<p><strong>3. Sanktuarium \u015bw. Jana Paw\u0142a II w Krakowie<\/strong><\/p>\n\n\n\n<p>G\u0142\u00f3wnym obiektem Centrum Jana Paw\u0142a II \"Nie l\u0119kajcie si\u0119!\" jest Sanktuarium \u015bw. Jana Paw\u0142a II, w sk\u0142ad kt\u00f3rego wchodzi Ko\u015bci\u00f3\u0142 Dolny (Relikwii) i Ko\u015bci\u00f3\u0142 G\u00f3rny. Relikwie Jana Paw\u0142a II otaczaj\u0105 dwoma pier\u015bcieniami kaplice, pomi\u0119dzy kt\u00f3rymi znajduje si\u0119 korytarz prowadz\u0105cy dooko\u0142a \u015bwi\u0105tyni. Pierwszy pier\u015bcie\u0144 to siedem oratori\u00f3w (ma\u0142ych kaplic). Kaplice tworz\u0105ce pier\u015bcie\u0144 zewn\u0119trzny s\u0105 wi\u0119ksze i jest ich pi\u0119\u0107. Najwa\u017cniejsz\u0105 i najcz\u0119\u015bciej odwiedzan\u0105 jest tzw. kaplica kap\u0142a\u0144ska, gdzie umieszczono p\u0142yt\u0119 z watyka\u0144skiego grobu Jana Paw\u0142a II - na niej po\u0142o\u017cono relikwiarz w kszta\u0142cie ewangeliarza z kropl\u0105 papieskiej krwi.<\/p>\n\n\n\n<p><strong>Wyjazd w dniu 28.09.2019. o godz. 7.00 - \u015bwietlica w Wielopolu.<\/strong><\/p>\n\n\n\n<p><strong>Cena obejmuje:<\/strong> transport, parkingi, ubezpieczenie NNW, opiek\u0119 pilota-przewodnika, bilety wst\u0119pu do miejsc obj\u0119tych programem.<\/p>\n\n\n\n<p>Dla doros\u0142ych cz\u0142onk\u00f3w KGW Wielopole - 60 z\u0142.<br>Dla m\u0142odzie\u017cy szkolnej - 80 z\u0142<br>Dla pozosta\u0142ych - 100 z\u0142.<br><\/p>\n\n\n\n<p>Zg\u0142oszenia do wyczerpania wolnych miejsc przyjmuje kol. Teresa Borkowska tel. <strong>660-467-552<\/strong><\/p>\n","protected":false},"excerpt":{"rendered":"<p>Ko\u0142o Gospody\u0144 Wiejskich Wielopole zaprasza mieszka\u0144c\u00f3w do udzia\u0142u w wycieczce historyczno-edukacyjnej w dniu 28.09.2019. (sobota) do zwiedzania: 1. Obozu zag\u0142ady KL Auschwitz-Birkenau Ob\u00f3z Auschwitz sta\u0142 si\u0119 dla \u015bwiata symbolem terroru, ludob\u00f3jstwa i Szoa. Utworzony zosta\u0142 przez Niemc\u00f3w w po\u0142owie 1940 r. na przedmie\u015bciach O\u015bwi\u0119cimia, w\u0142\u0105czonego przez nazist\u00f3w do Trzeciej Rzeszy. Bezpo\u015brednim powodem utworzenia obozu by\u0142a [&hellip;]<\/p>\n","protected":false},"author":1,"featured_media":316,"comment_status":"closed","ping_status":"open","sticky":false,"template":"","format":"standard","meta":{"footnotes":""},"categories":[4],"tags":[],"class_list":["post-315","post","type-post","status-publish","format-standard","has-post-thumbnail","hentry","category-aktualnosci"],"_links":{"self":[{"href":"https:\/\/www.wielopolesolectwo.pl\/index.php\/wp-json\/wp\/v2\/posts\/315","targetHints":{"allow":["GET"]}}],"collection":[{"href":"https:\/\/www.wielopolesolectwo.pl\/index.php\/wp-json\/wp\/v2\/posts"}],"about":[{"href":"https:\/\/www.wielopolesolectwo.pl\/index.php\/wp-json\/wp\/v2\/types\/post"}],"author":[{"embeddable":true,"href":"https:\/\/www.wielopolesolectwo.pl\/index.php\/wp-json\/wp\/v2\/users\/1"}],"replies":[{"embeddable":true,"href":"https:\/\/www.wielopolesolectwo.pl\/index.php\/wp-json\/wp\/v2\/comments?post=315"}],"version-history":[{"count":1,"href":"https:\/\/www.wielopolesolectwo.pl\/index.php\/wp-json\/wp\/v2\/posts\/315\/revisions"}],"predecessor-version":[{"id":317,"href":"https:\/\/www.wielopolesolectwo.pl\/index.php\/wp-json\/wp\/v2\/posts\/315\/revisions\/317"}],"wp:featuredmedia":[{"embeddable":true,"href":"https:\/\/www.wielopolesolectwo.pl\/index.php\/wp-json\/wp\/v2\/media\/316"}],"wp:attachment":[{"href":"https:\/\/www.wielopolesolectwo.pl\/index.php\/wp-json\/wp\/v2\/media?parent=315"}],"wp:term":[{"taxonomy":"category","embeddable":true,"href":"https:\/\/www.wielopolesolectwo.pl\/index.php\/wp-json\/wp\/v2\/categories?post=315"},{"taxonomy":"post_tag","embeddable":true,"href":"https:\/\/www.wielopolesolectwo.pl\/index.php\/wp-json\/wp\/v2\/tags?post=315"}],"curies":[{"name":"wp","href":"https:\/\/api.w.org\/{rel}","templated":true}]}}