{"id":356,"date":"2021-08-16T10:30:30","date_gmt":"2021-08-16T09:30:30","guid":{"rendered":"https:\/\/www.nowa.wielopolesolectwo.pl\/?p=356"},"modified":"2025-12-06T13:37:21","modified_gmt":"2025-12-06T12:37:21","slug":"i-znowu-sie-dzialo","status":"publish","type":"post","link":"https:\/\/www.wielopolesolectwo.pl\/index.php\/2021\/08\/16\/i-znowu-sie-dzialo\/","title":{"rendered":"Festyn 2021"},"content":{"rendered":"\n<p><\/p>\n\n\n\n<p>I znowu si\u0119 dzia\u0142o! <\/p>\n\n\n\n<p>7 sierpnia, po raz kolejny (po kr\u00f3tkiej, jednorocznej przerwie spowodowanej przez COVID19) odby\u0142 si\u0119 Festyn Wiejski zorganizowany przez So\u0142tysa i Rad\u0119 So\u0142eck\u0105 Wielopola, przy wsp\u00f3\u0142udziale Ko\u0142a Gospody\u0144 Wiejskich Wielopole (pod kierownictwem Pani Gra\u017cyny Teresy Borkowskiej) i Stowarzyszenia Rozwoju So\u0142ectwa Wielopole (pod okiem Prezesa Pana Stefana Opalskiego). Impreza obejmowa\u0142a zawarto\u015b\u0107 projektu pn. \"\u015awi\u0119to Matki Bo\u017cej Zielnej \u2013 uroczysto\u015bci i tradycje Wielopolan w przekazie\u201d finansowanego przez Gmin\u0119 Che\u0142miec w ramach wsparcia realizacji zada\u0144 publicznych przez organizacje pozarz\u0105dowe.<\/p>\n\n\n\n<p>Na szcz\u0119\u015bcie dopisa\u0142a pogoda i zrealizowali\u015bmy program atrakcji dla dzieci i doros\u0142ych. By\u0142 on ambitny, bo zak\u0142adane cele nawi\u0105zywa\u0142y do przybli\u017cenia kultu i obyczaj\u00f3w zwi\u0105zanych z obchodami \u015awi\u0119ta Matki Bo\u017cej Zielnej, \u015bwi\u0119cenia zi\u00f3\u0142, ludowych obyczaj\u00f3w i przygotowania swojskich, wiejskich potraw. Specjaln\u0105 uwag\u0119 zwr\u00f3cono na mi\u0142e ugoszczenie przyby\u0142ych senior\u00f3w. Opr\u00f3cz cel\u00f3w \"dla ducha\u201d by\u0142y oczywi\u015bcie atrakcje ruchowe dla dzieci i dobra zabawa dla doros\u0142ych.<\/p>\n\n\n\n<p>Przyby\u0142o wielu zaproszonych go\u015bci:<\/p>\n\n\n\n<ul class=\"wp-block-list\">\n<li>W\u00f3jt Gminy Che\u0142miec Pan Bernard Stawiarski z ma\u0142\u017conk\u0105 Joann\u0105 Stawiarsk\u0105 \u2013 radn\u0105 powiatu nowos\u0105deckiego,<\/li>\n\n\n\n<li>Pani Maria Barbara Szarota \u2013 radna powiatu nowos\u0105deckiego,<\/li>\n\n\n\n<li>przedstawiciele Rady Gminy Che\u0142miec, na czele z Panem Wies\u0142awem Szo\u0142drowskim z ma\u0142\u017conk\u0105, Przewodnicz\u0105cy Gminnej Komisji Kultury \u2013 Pan Andrzej Tyrkiel, nasza Pani radna Aleksandra Opalska i radny s\u0105siednich Wielog\u0142\u00f3w \u2013 Pan Pawe\u0142 Basta,<\/li>\n\n\n\n<li>Panie i Panowie so\u0142tysi z s\u0105siednich wsi.<\/li>\n<\/ul>\n\n\n\n<p>Swoj\u0105 obecno\u015bci\u0105 zaszczycili nas ksi\u0119\u017ca z naszych parafii: Ksi\u0105dz Proboszcz parafii Matki Boskiej Wniebowzi\u0119tej w Wielog\u0142owach \u2013 Ks. Ryszard Mikos i Ks. Wikary Damian oraz Proboszcz parafii Matki Boskiej Cz\u0119stochowskiej w Zabe\u0142czu \u2013 Ks. Eugeniusz Mro\u017cek.<\/p>\n\n\n\n<p>Festyn wywo\u0142a\u0142 du\u017ce zainteresowanie mieszka\u0144c\u00f3w Wielopola i okolic, a \u017ce wyj\u0105tkowo dopisa\u0142a pogoda, mo\u017cna by\u0142o bez przeszk\u00f3d zrealizowa\u0107 bogaty program festynu, kt\u00f3ry zawiera\u0142 nast\u0119puj\u0105ce punkty:<\/p>\n\n\n\n<ul class=\"wp-block-list\">\n<li>prelekcja na temat \u015bwi\u0119cenia zi\u00f3\u0142 i ludowych zwyczaj\u00f3w zwi\u0105zanych ze \u015awi\u0119tem Matki Bo\u017cej Zielnej \u2013 Pani Maria Halina Starzyk.<\/li>\n\n\n\n<li>konkursy wiank\u00f3w i bukiet\u00f3w zielnych,<\/li>\n\n\n\n<li>stoiska gastronomiczne z potrawami z grilla, bigosem, napojami, ciastami, popcornem i wat\u0105 cukrow\u0105,<\/li>\n\n\n\n<li>k\u0105cik literacki naszej poetki i pisarki \u2013 Pani Anny Fa\u0142owskiej,<\/li>\n\n\n\n<li>konkursy, zabawy, pi\u0142ka no\u017cna, dmucha\u0144ce i kucyki dla najm\u0142odszych,<\/li>\n\n\n\n<li>pie\u015bni \u015bpiewa\u0142y Gabrysia Popiela i Zosia Dywa\u0144ska,<\/li>\n\n\n\n<li>do ta\u0144ca, nieustaj\u0105co do p\u00f3\u017anych godzin nocnych, przygrywa\u0142a kapela braci Zi\u00f3\u0142kowskich.<\/li>\n<\/ul>\n\n\n\n<p>Z przygotowanych atrakcji skorzysta\u0142o ponad 500 0s\u00f3b, w tym wi\u0119kszo\u015b\u0107 dzieci i m\u0142odzie\u017cy, a impreza nie by\u0142a by tak udana, gdyby nie szczodro\u015b\u0107 i ofiarno\u015b\u0107 wszystkich, kt\u00f3rzy bezinteresownie zaanga\u017cowali si\u0119 w jej organizacj\u0119.<\/p>\n\n\n\n<p>Pi\u0119knie dzi\u0119kujemy sponsorom, kt\u00f3rymi byli:<\/p>\n\n\n\n<ul class=\"wp-block-list\">\n<li>Urz\u0105d Gminy Che\u0142miec,<\/li>\n\n\n\n<li>gospodarz terenu \u2013 Pan Antoni Janik \u2013 wsparcie rzeczowe, finansowe, media,<\/li>\n\n\n\n<li>Ciastkarnia zAnka \u2013 Pani Anna Zi\u00f3\u0142kowska,<\/li>\n\n\n\n<li>Firma Szubryt \u2013 Pan Zbigniew Szubryt,<\/li>\n\n\n\n<li>Piekarnia T\u0119goborze \u2013 Pa\u0144stwo J\u00f3zef i Lucyna Grzyb z synami,<\/li>\n\n\n\n<li>Piekarnia Nika \u2013 Pan J\u00f3zef Nika,<\/li>\n\n\n\n<li>Firma Braci Koral<\/li>\n\n\n\n<li>w\u0142a\u015bciciel firmy \"Siwy Brzeg\" \u2013 Pan S\u0142awomir Kalisz,<\/li>\n\n\n\n<li>firma transportowa \"Trans-Tom\u201d \u2013 Panowie Tomasz i Krzysztof Giza,<\/li>\n\n\n\n<li>w\u0142a\u015bciciel komory normobarycznej w Wielopolu \u2013 Pan Stanis\u0142aw Fa\u0142owski,<\/li>\n\n\n\n<li>Ko\u0142o Gospody\u0144 Wiejskich w Wielopolu,<\/li>\n\n\n\n<li>Stowarzyszenie Rozwoju So\u0142ectwa Wielopole,<\/li>\n\n\n\n<li>Gminna Rada Senior\u00f3w w Che\u0142mcu,<\/li>\n\n\n\n<li>Proboszcz Parafii Batki Boskiej Cz\u0119stochowskiej w Zabe\u0142czu \u2013 ks. Eugeniusz Mro\u017cek,<\/li>\n\n\n\n<li>LGD \"Korona S\u0105decka\".<\/li>\n<\/ul>\n\n\n\n<p>Sponsorami nagr\u00f3d konkursu wiank\u00f3w i bukiet\u00f3w zielnych byli:<\/p>\n\n\n\n<ul class=\"wp-block-list\">\n<li>W\u00f3jt Gminy Che\u0142miec \u2013 Pan Bernard Stawiarski,<\/li>\n\n\n\n<li>Radna powiatu nowos\u0105deckiego \u2013 Pani Maria Barbara Szarota,<\/li>\n\n\n\n<li>Gminny O\u015brodek Kultury w Che\u0142mcu.<\/li>\n<\/ul>\n\n\n\n<p>Organizatorzy dzi\u0119kuj\u0105 wszystkim Osobom, tak\u017ce tym niewymienionym, kt\u00f3rzy w\u0142\u0105czyli si\u0119 do pracy na rzecz tej wspania\u0142ej imprezy. Dzi\u0119kuj\u0105 te\u017c Uczestnikom za liczny udzia\u0142 i stworzenie niepowtarzalnej atmosfery<\/p>\n\n\n\n<p>Zdj\u0119cia i komentarz: S. Opalski.<\/p>\n\n\n\n<p>Zapraszamy do galerii zdj\u0119\u0107 <a href=\"https:\/\/photos.app.goo.gl\/CV7NQyHzQxdv8boG9\">tutaj.<\/a><\/p>\n","protected":false},"excerpt":{"rendered":"<p>I znowu si\u0119 dzia\u0142o! 7 sierpnia, po raz kolejny (po kr\u00f3tkiej, jednorocznej przerwie spowodowanej przez COVID19) odby\u0142 si\u0119 Festyn Wiejski zorganizowany przez So\u0142tysa i Rad\u0119 So\u0142eck\u0105 Wielopola, przy wsp\u00f3\u0142udziale Ko\u0142a Gospody\u0144 Wiejskich Wielopole (pod kierownictwem Pani Gra\u017cyny Teresy Borkowskiej) i Stowarzyszenia Rozwoju So\u0142ectwa Wielopole (pod okiem Prezesa Pana Stefana Opalskiego). Impreza obejmowa\u0142a zawarto\u015b\u0107 projektu pn. [&hellip;]<\/p>\n","protected":false},"author":1,"featured_media":357,"comment_status":"closed","ping_status":"open","sticky":false,"template":"","format":"standard","meta":{"footnotes":""},"categories":[4],"tags":[],"class_list":["post-356","post","type-post","status-publish","format-standard","has-post-thumbnail","hentry","category-aktualnosci"],"_links":{"self":[{"href":"https:\/\/www.wielopolesolectwo.pl\/index.php\/wp-json\/wp\/v2\/posts\/356","targetHints":{"allow":["GET"]}}],"collection":[{"href":"https:\/\/www.wielopolesolectwo.pl\/index.php\/wp-json\/wp\/v2\/posts"}],"about":[{"href":"https:\/\/www.wielopolesolectwo.pl\/index.php\/wp-json\/wp\/v2\/types\/post"}],"author":[{"embeddable":true,"href":"https:\/\/www.wielopolesolectwo.pl\/index.php\/wp-json\/wp\/v2\/users\/1"}],"replies":[{"embeddable":true,"href":"https:\/\/www.wielopolesolectwo.pl\/index.php\/wp-json\/wp\/v2\/comments?post=356"}],"version-history":[{"count":3,"href":"https:\/\/www.wielopolesolectwo.pl\/index.php\/wp-json\/wp\/v2\/posts\/356\/revisions"}],"predecessor-version":[{"id":482,"href":"https:\/\/www.wielopolesolectwo.pl\/index.php\/wp-json\/wp\/v2\/posts\/356\/revisions\/482"}],"wp:featuredmedia":[{"embeddable":true,"href":"https:\/\/www.wielopolesolectwo.pl\/index.php\/wp-json\/wp\/v2\/media\/357"}],"wp:attachment":[{"href":"https:\/\/www.wielopolesolectwo.pl\/index.php\/wp-json\/wp\/v2\/media?parent=356"}],"wp:term":[{"taxonomy":"category","embeddable":true,"href":"https:\/\/www.wielopolesolectwo.pl\/index.php\/wp-json\/wp\/v2\/categories?post=356"},{"taxonomy":"post_tag","embeddable":true,"href":"https:\/\/www.wielopolesolectwo.pl\/index.php\/wp-json\/wp\/v2\/tags?post=356"}],"curies":[{"name":"wp","href":"https:\/\/api.w.org\/{rel}","templated":true}]}}