{"id":362,"date":"2021-09-03T10:32:57","date_gmt":"2021-09-03T09:32:57","guid":{"rendered":"https:\/\/www.nowa.wielopolesolectwo.pl\/?p=362"},"modified":"2025-12-07T22:41:32","modified_gmt":"2025-12-07T21:41:32","slug":"wycieczka-na-podkarpaciepodkarpacie-ziemia-przemyska-religia-historia-architektura","status":"publish","type":"post","link":"https:\/\/www.wielopolesolectwo.pl\/index.php\/2021\/09\/03\/wycieczka-na-podkarpaciepodkarpacie-ziemia-przemyska-religia-historia-architektura\/","title":{"rendered":"Wycieczka na Podkarpacie!Podkarpacie &#8211; Ziemia Przemyska: religia, historia, architektura"},"content":{"rendered":"\n<p>Z przyjemno\u015bci\u0105 informujemy wszystkich mieszka\u0144c\u00f3w gminy Che\u0142miec, \u017ce nasze Stowarzyszenie w ramach zadania publicznego wspieranego przez Gmin\u0119 Che\u0142miec: \"Wspieranie dzia\u0142a\u0144 na rzecz os\u00f3b niepe\u0142nosprawnych oraz profilaktyki i promocji zdrowia poprzez: wspieranie dzia\u0142a\u0144 promuj\u0105cych zdrowy styl \u017cycia\" pn.: \"Podkarpacie \u2013 Ziemia Przemyska: religia, historia, architektura\u201d, kt\u00f3ra odb\u0119dzie si\u0119 w dniach <strong>11.09.2021 \u2013 12.09.2021 r.<\/strong><\/p>\n\n\n\n<p>Wycieczka b\u0119dzie realizowana zgodnie z aktualnymi zasadami i ograniczeniami zwi\u0105zanymi z koronawirusem, kt\u00f3re opublikowane s\u0105 na <a href=\"https:\/\/www.gov.pl\/web\/koronawirus\/aktualne-zasady-i-ograniczenia\">stronie Ministerstwa.<\/a><\/p>\n\n\n\n<p><strong>Uwaga!<\/strong> Zapoznaj si\u0119 z aktualnymi zasadami bezpiecze\u0144stwa oraz sprawd\u017a, co si\u0119 zmieni na dzie\u0144 wyjazdu na wycieczk\u0119.<\/p>\n\n\n\n<p>W ramach naszej wycieczki planuje si\u0119:<\/p>\n\n\n\n<p>Dzie\u0144 I<\/p>\n\n\n\n<ol class=\"wp-block-list\">\n<li>Wyjazd z Wielopola do Kalwarii Pac\u0142awskiej. Jest to osada za\u0142o\u017cona przez Andrzeja Maksymiliana Fredr\u0119 w 1665 roku. Obecnie Sanktuarium M\u0119ki Pa\u0144skiej i Matki Bo\u017cej Kalwaryjskiej. Na szczycie g\u00f3ry o wysoko\u015bci 465 m n.p.m. znajduje si\u0119 klasztor franciszkan\u00f3w, ko\u015bci\u00f3\u0142 oraz dom pielgrzyma. Usytuowanie kalwarii na wzg\u00f3rzach wykazuje du\u017ce podobie\u0144stwo do krajobrazu wok\u00f3\u0142 Jerozolimy. Droga krzy\u017cowa ma d\u0142ugo\u015b\u0107 ok. 1,6 km. Cennym zabytkiem budownictwa jest po\u0142o\u017cona poza obr\u0119bem fortalicji klasztornych zabudowa, Warto\u015b\u0107 kulturalna dawnego miasteczka Kalwaria Pac\u0142awska polega nie tylko na zachowanej w du\u017cym procencie strukturze planu i drewnianej zabudowy, lecz tak\u017ce na kontek\u015bcie otoczenia - krajobrazu, s\u0105siedztwa architektonicznego i przyrodniczego. W ko\u015bciele znajduje si\u0119 cudowny obraz Matki Boskiej Kalwaryjskiej. Jest on nieznanego autorstwa i pocz\u0105tkowo znajdowa\u0142 si\u0119 w klasztorze franciszkan\u00f3w w Kamie\u0144cu Podolskim, sk\u0105d zosta\u0142 wyrzucony po zdobyciu przez Turk\u00f3w w 1672 roku i trafi\u0142 w niejasnych (obros\u0142ych legend\u0105) okoliczno\u015bciach do Kalwarii Pac\u0142awskiej. Wywieziony z miejscowego ko\u015bcio\u0142a w 1944 roku obraz odnaleziono po przej\u015bciu frontu na przystanku kolejowym Libusza ko\u0142o Gorlic.<\/li>\n\n\n\n<li>Ar\u0142am\u00f3w - przed II wojn\u0105 \u015bwiatow\u0105 Ar\u0105klm\u00f3w liczy\u0142 144 domy i 897 mieszka\u0144c\u00f3w (873 wyznania greckokatolickiego, 9 rzymskokatolickiego, 15 moj\u017ceszowego). Wi\u0119kszo\u015b\u0107 mieszka\u0144c\u00f3w wysiedlono do ZSRR w 1946, a domy opuszczone przez Ukrai\u0144c\u00f3w spali\u0142a UPA. Ostatnie 200 os\u00f3b wywieziono w ramach Akcji \"Wis\u0142a\". W latach 1970\u20131990 wyludniona wie\u015b wraz z s\u0105siednimi miejscowo\u015bciami: Borys\u0142awk\u0105, Gr\u0105ziow\u0105, Jamn\u0105 G\u00f3rn\u0105, Jamn\u0105 Doln\u0105, Krajn\u0105, Kwaszenin\u0105, \u0141omn\u0105 i Tr\u00f3jc\u0105 wchodzi\u0142a w sk\u0142ad O\u015brodka Wypoczynkowego Urz\u0119du Rady Ministr\u00f3w - w 1981 r. zamieniony na o\u015brodek da internowanych<\/li>\n<\/ol>\n\n\n\n<p>Dzie\u0144 II<\/p>\n\n\n\n<ol class=\"wp-block-list\">\n<li>Przemy\u015bl - Zwiedzanie cz\u0119\u015bci kompleksu zesp\u00f3\u0142u obiekt\u00f3w obronnych, jednej z 200 wielkich fortyfikacji sta\u0142ych istniej\u0105cych w Europie w 1914 roku oraz trzecia co do wielko\u015bci twierdza (po Antwerpii i Verdun).<\/li>\n\n\n\n<li>Muzeum Dzwon\u00f3w i Fajek jest jednym z przyk\u0142ad\u00f3w, jak mo\u017cna ciekawie i niestandardowo zaprezentowa\u0107 dokonania artystyczne miasta i regionu. Nietypowa kolekcja dzwon\u00f3w i fajek roz\u0142o\u017cona jest na kilku pi\u0119trach wie\u017cy. S\u0105 to wyroby, kt\u00f3re powstawa\u0142y w Przemy\u015blu od stuleci i powstaj\u0105 nadal. Do\u015b\u0107 powiedzie\u0107, \u017ce w mie\u015bcie dzia\u0142a nadal jedenastu wytw\u00f3rc\u00f3w fajek (dlatego Przemy\u015bl nazywany jest zag\u0142\u0119biem fajkarskim) oraz dw\u00f3ch ludwisarzy. W muzeum znajdziemy jednak tak\u017ce sprz\u0119ty pochodz\u0105ce z du\u017co dalszych region\u00f3w.<\/li>\n\n\n\n<li>Krasiczyn planuje si\u0119: zwiedzanie zamku w tym dziedzi\u0144ca zamkowego, krypt\u0119 w Baszcie Boskiej, gabinet my\u015bliwski, kaplic\u0119 zamkow\u0105 pw. Wniebowzi\u0119cia Naj\u015bwi\u0119tszej Marii Panny, sale ekspozycyjne.<\/li>\n<\/ol>\n\n\n\n<p><strong>Harmonogram wycieczki<\/strong><\/p>\n\n\n\n<p><strong>Dzie\u0144 I (11.09.2021 r.)<\/strong><\/p>\n\n\n\n<figure class=\"wp-block-table\"><table class=\"has-fixed-layout\"><tbody><tr><td>9.00<\/td><td>Wyjazd z Wielopola. Zbi\u00f3rka pod \u015bwietlic\u0105.<\/td><\/tr><tr><td>9.00 - 13.30<\/td><td>Przejazd do Kalwarii Pac\u0142awskiej<\/td><\/tr><tr><td>13.30 - 15.00<\/td><td>Zwiedzanie m. Kalwarii, droga krzy\u017cowa we w\u0142asnym zakresie<\/td><\/tr><tr><td>15.00 - 16.00<\/td><td>Zakwaterowanie<\/td><\/tr><tr><td>16.30 - 17.30<\/td><td>Obiadokolacja<\/td><\/tr><tr><td>18.00 - 19.00<\/td><td>Msza \u015bw.<\/td><\/tr><tr><td>20.00 - 20.30<\/td><td>Pogadanka o historii sanktuarium<\/td><\/tr><tr><td>20.30 - 21.00<\/td><td>R\u00f3\u017caniec<\/td><\/tr><tr><td>21.00<\/td><td>Uczestnictwo w ceremonii zas\u0142oni\u0119cia obrazu Matki Boskiej Kalwaryjskiej<\/td><\/tr><\/tbody><\/table><\/figure>\n\n\n\n<p><strong>Dzie\u0144 II (12.09.2021 r.)<\/strong><\/p>\n\n\n\n<figure class=\"wp-block-table\"><table class=\"has-fixed-layout\"><tbody><tr><td>7.30 - 8.30<\/td><td>Msza \u015bw.<\/td><\/tr><tr><td>8.30<\/td><td>\u015aniadanie<\/td><\/tr><tr><td>9.30 - 9.45<\/td><td>Przejazd do Przemy\u015bla. Spotakanie z Przewodniekiem.<\/td><\/tr><tr><td>9.45 - 13.45<\/td><td>Zwiedzanie Przemy\u015bla<\/td><\/tr><tr><td>14.00 - 15.00<\/td><td>Obiad<\/td><\/tr><tr><td>15.00 - 15.30<\/td><td>Przejazd do Krasiczyna<\/td><\/tr><tr><td>16.00 - 17.00<\/td><td>Zwiedzanie zamku<\/td><\/tr><tr><td>17.00 - 21.00<\/td><td>Powr\u00f3t do Wielopola<\/td><\/tr><\/tbody><\/table><\/figure>\n\n\n\n<p>Dodatkowo informacji mog\u0105 udzieli\u0107:<br>Kierownikiem wycieczki b\u0119dzie p. Ryszard \u0141akomski, tel. 601 547 566<br>Koordynatorem projektu jest p. Stefan Opalski, tel. 608 130 035<\/p>\n\n\n\n<p><strong>WA\u017bNE INFORMACJE!!!<\/strong><\/p>\n\n\n\n<ul class=\"wp-block-list\">\n<li>Zpisy do udzia\u0142u w wycieczce mo\u017cna zg\u0142asza\u0107 telefonicznie, mailem lub osobi\u015bcie do dnia 08.09.2021 r.<\/li>\n\n\n\n<li>Ilo\u015b\u0107 uczestnik\u00f3w wycieczki jest ograniczona<\/li>\n\n\n\n<li>Ka\u017cdy uczestnik wycieczki zostanie ubezpieczony.<\/li>\n\n\n\n<li>Dop\u0142ata do wycieczki wynosi:<ul><li><strong>265 z\u0142<\/strong>(dwie\u015bcie sze\u015b\u0107dziesi\u0105t pi\u0119\u0107) od osoby doros\u0142ej<\/li><li><strong>230 z\u0142<\/strong>(dwie\u015bcie trzydzie\u015bci z\u0142otych) od m\u0142odzie\u017cy szkolnej i cz\u0142onk\u00f3w Stowarzyszenia<\/li><\/ul>Kwot\u0119, kt\u00f3r\u0105 nale\u017cy wp\u0142aci\u0107 na konto Stowarzyszenia: <strong>\u0141\u0105cki Bank Sp\u00f3\u0142dzielczy, 46 8805 0009 0045 0472 2000 0010 do dnia 8.09.2021 r.,<\/strong> lub indywidualnie wp\u0142aty przyjmuje Ryszard \u0141akomski.<br>Przed podj\u0119ciem decyzji o udziale w wycieczce prosz\u0119 zaznajomi\u0107 si\u0119 z:<\/li>\n\n\n\n<li><a href=\"https:\/\/www.wielopolesolectwo.pl\/other\/regulamin_przemysl.pdf\">Regulaminem wycieczek<\/a> oraz<\/li>\n\n\n\n<li>Wype\u0142ni\u0107 <a href=\"https:\/\/www.wielopolesolectwo.pl\/other\/formularz_przemysl.pdf\">formularz zg\u0142oszeniowy,<\/a><\/li>\n\n\n\n<li>Wype\u0142ni\u0107 <a href=\"https:\/\/www.wielopolesolectwo.pl\/other\/oswiadczenie_przemysl.pdf\">o\u015bwiadczenie o zgodzie na przetwarzanie danych osobowych.<\/a><\/li>\n<\/ul>\n\n\n\n<p>Dokumenty te powinny by\u0107 wype\u0142nione przez uczestnik\u00f3w wycieczki do dnia <strong>08.09.2021 r. <\/strong>i dostarczone do Ryszarda \u0141akomskiego.<\/p>\n\n\n\n<p>Uczestnicy wycieczki winni zabra\u0107 ze sob\u0105 dowody to\u017csamo\u015bci oraz dokumenty uprawniaj\u0105ce ich do ulg i zni\u017cek na bilety wst\u0119pu (emeryci, renci\u015bci, m\u0142odzie\u017c szkolna, studenci itp...)<\/p>\n\n\n\n<p>Uwaga!<br>Wycieczka b\u0119dzie realizowana zgodnie z aktualnymi zasadami i ograniczeniami zwi\u0105zanymi z koronawirusem. Przed wycieczk\u0105 zapoznaj si\u0119 z aktualnymi zasadami bezpiecze\u0144stwa oraz sprawd\u017a, co si\u0119 zmieni na dzie\u0144 wyjazdu na wycieczk\u0119. <a href=\"https:\/\/www.gov.pl\/web\/koronawirus\/aktualne-zasady-i-ograniczenia\">Link <\/a>do strony Ministerstwa.<\/p>\n\n\n\n<p>Projekt finansowany z przez Gmin\u0119 Che\u0142miec w ramach wsparcia realizacji zada\u0144 publicznych w 2021 r. przez organizacje pozarz\u0105dowe.<\/p>\n","protected":false},"excerpt":{"rendered":"<p>Z przyjemno\u015bci\u0105 informujemy wszystkich mieszka\u0144c\u00f3w gminy Che\u0142miec, \u017ce nasze Stowarzyszenie w ramach zadania publicznego wspieranego przez Gmin\u0119 Che\u0142miec: &#8222;Wspieranie dzia\u0142a\u0144 na rzecz os\u00f3b niepe\u0142nosprawnych oraz profilaktyki i promocji zdrowia poprzez: wspieranie dzia\u0142a\u0144 promuj\u0105cych zdrowy styl \u017cycia&#8221; pn.: &#8222;Podkarpacie \u2013 Ziemia Przemyska: religia, historia, architektura\u201d, kt\u00f3ra odb\u0119dzie si\u0119 w dniach 11.09.2021 \u2013 12.09.2021 r. Wycieczka b\u0119dzie [&hellip;]<\/p>\n","protected":false},"author":1,"featured_media":363,"comment_status":"closed","ping_status":"open","sticky":false,"template":"","format":"standard","meta":{"footnotes":""},"categories":[4],"tags":[],"class_list":["post-362","post","type-post","status-publish","format-standard","has-post-thumbnail","hentry","category-aktualnosci"],"_links":{"self":[{"href":"https:\/\/www.wielopolesolectwo.pl\/index.php\/wp-json\/wp\/v2\/posts\/362","targetHints":{"allow":["GET"]}}],"collection":[{"href":"https:\/\/www.wielopolesolectwo.pl\/index.php\/wp-json\/wp\/v2\/posts"}],"about":[{"href":"https:\/\/www.wielopolesolectwo.pl\/index.php\/wp-json\/wp\/v2\/types\/post"}],"author":[{"embeddable":true,"href":"https:\/\/www.wielopolesolectwo.pl\/index.php\/wp-json\/wp\/v2\/users\/1"}],"replies":[{"embeddable":true,"href":"https:\/\/www.wielopolesolectwo.pl\/index.php\/wp-json\/wp\/v2\/comments?post=362"}],"version-history":[{"count":1,"href":"https:\/\/www.wielopolesolectwo.pl\/index.php\/wp-json\/wp\/v2\/posts\/362\/revisions"}],"predecessor-version":[{"id":364,"href":"https:\/\/www.wielopolesolectwo.pl\/index.php\/wp-json\/wp\/v2\/posts\/362\/revisions\/364"}],"wp:featuredmedia":[{"embeddable":true,"href":"https:\/\/www.wielopolesolectwo.pl\/index.php\/wp-json\/wp\/v2\/media\/363"}],"wp:attachment":[{"href":"https:\/\/www.wielopolesolectwo.pl\/index.php\/wp-json\/wp\/v2\/media?parent=362"}],"wp:term":[{"taxonomy":"category","embeddable":true,"href":"https:\/\/www.wielopolesolectwo.pl\/index.php\/wp-json\/wp\/v2\/categories?post=362"},{"taxonomy":"post_tag","embeddable":true,"href":"https:\/\/www.wielopolesolectwo.pl\/index.php\/wp-json\/wp\/v2\/tags?post=362"}],"curies":[{"name":"wp","href":"https:\/\/api.w.org\/{rel}","templated":true}]}}