{"id":365,"date":"2021-09-14T10:34:18","date_gmt":"2021-09-14T09:34:18","guid":{"rendered":"https:\/\/www.nowa.wielopolesolectwo.pl\/?p=365"},"modified":"2025-12-06T13:50:09","modified_gmt":"2025-12-06T12:50:09","slug":"krakow-kolebka-kultury-i-historii-polski-wycieczka","status":"publish","type":"post","link":"https:\/\/www.wielopolesolectwo.pl\/index.php\/2021\/09\/14\/krakow-kolebka-kultury-i-historii-polski-wycieczka\/","title":{"rendered":"Krak\u00f3w \u2013 kolebka kultury i historii Polski &#8211; wycieczka"},"content":{"rendered":"\n<p>Z przyjemno\u015bci\u0105 informujemy wszystkich mieszka\u0144c\u00f3w gminy Che\u0142miec, \u017ce nasze Stowarzyszenie w ramach zadania publicznego wspieranego przez Gmin\u0119 Che\u0142miec: \"Kultura, ochrona d\u00f3br kultury i zachowania tradycji regionalnych poprzez: upami\u0119tnianie miejsc pami\u0119ci narodowej oraz piel\u0119gnowanie polsko\u015bci i tradycji narodowej\" organizuje wycieczk\u0119 pn. \"Krak\u00f3w \u2013 kolebka kultury i historii Polski\", kt\u00f3ra odb\u0119dzie si\u0119 w sobot\u0119, dnia 25.09.2021 r.<\/p>\n\n\n\n<p><a href=\"https:\/\/www.wielopolesolectwo.pl\/other\/harmonogram_krakow.pdf\">Do pobrania program i harmonogram wycieczki.<\/a><\/p>\n\n\n\n<p>Kierownikiem wycieczki jest p. Stefan Opalski, tel. 608 130 035<br>Koordynatorem projektu jest p. Ryszard \u0141akomski, tel. 601 547 566<\/p>\n\n\n\n<p><strong>WA\u017bNE INFORMACJE!!!<\/strong><\/p>\n\n\n\n<ul class=\"wp-block-list\">\n<li>Zpisy do udzia\u0142u w wycieczce mo\u017cna zg\u0142asza\u0107 telefonicznie, mailem lub osobi\u015bcie do dnia 22.09.2021 r.<\/li>\n\n\n\n<li>Ilo\u015b\u0107 uczestnik\u00f3w wycieczki jest ograniczona<\/li>\n\n\n\n<li>Ka\u017cdy uczestnik wycieczki zostanie ubezpieczony.<\/li>\n\n\n\n<li>Dop\u0142ata do wycieczki wynosi:<ul><li><strong>250 z\u0142<\/strong> od osoby doros\u0142ej<\/li><li><strong>210 z\u0142<\/strong> od m\u0142odzie\u017cy szkolnej i cz\u0142onk\u00f3w Stowarzyszenia<\/li><\/ul>Kwot\u0119, kt\u00f3r\u0105 nale\u017cy wp\u0142aci\u0107 na konto Stowarzyszenia: <strong>\u0141\u0105cki Bank Sp\u00f3\u0142dzielczy, 46 8805 0009 0045 0472 2000 0010 do dnia 22.09.2021 r.,<\/strong> lub indywidualnie wp\u0142aty przyjmuje Stefan Opalski.<br>Przed podj\u0119ciem decyzji o udziale w wycieczce prosz\u0119 zaznajomi\u0107 si\u0119 z:<\/li>\n\n\n\n<li><a href=\"https:\/\/www.wielopolesolectwo.pl\/other\/regulamin_krakow.pdf\">Regulaminem wycieczek<\/a> oraz<\/li>\n\n\n\n<li>Wype\u0142ni\u0107 <a href=\"https:\/\/www.wielopolesolectwo.pl\/other\/formularz_krakow.pdf\">formularz zg\u0142oszeniowy,<\/a><\/li>\n\n\n\n<li>Wype\u0142ni\u0107 <a href=\"https:\/\/www.wielopolesolectwo.pl\/other\/oswiadczenie_krakow.pdf\">o\u015bwiadczenie o zgodzie na przetwarzanie danych osobowych.<\/a><\/li>\n<\/ul>\n\n\n\n<p>Dokumenty te powinny by\u0107 wype\u0142nione przez uczestnik\u00f3w wycieczki do dnia <strong>22.09.2021 r. <\/strong>i dostarczone do Stefana Opalskiego.<\/p>\n\n\n\n<p>Uczestnicy wycieczki winni zabra\u0107 ze sob\u0105 dowody to\u017csamo\u015bci oraz dokumenty uprawniaj\u0105ce ich do ulg i zni\u017cek na bilety wst\u0119pu (emeryci, renci\u015bci, m\u0142odzie\u017c szkolna, studenci itp...)<\/p>\n\n\n\n<p>Uwaga!<br>Wycieczka b\u0119dzie realizowana zgodnie z aktualnymi zasadami i ograniczeniami zwi\u0105zanymi z koronawirusem. Przed wycieczk\u0105 zapoznaj si\u0119 z aktualnymi zasadami bezpiecze\u0144stwa oraz sprawd\u017a, co si\u0119 zmieni na dzie\u0144 wyjazdu na wycieczk\u0119. <a href=\"https:\/\/www.gov.pl\/web\/koronawirus\/aktualne-zasady-i-ograniczenia\">Link <\/a>do strony Ministerstwa.<\/p>\n","protected":false},"excerpt":{"rendered":"<p>Z przyjemno\u015bci\u0105 informujemy wszystkich mieszka\u0144c\u00f3w gminy Che\u0142miec, \u017ce nasze Stowarzyszenie w ramach zadania publicznego wspieranego przez Gmin\u0119 Che\u0142miec: &#8222;Kultura, ochrona d\u00f3br kultury i zachowania tradycji regionalnych poprzez: upami\u0119tnianie miejsc pami\u0119ci narodowej oraz piel\u0119gnowanie polsko\u015bci i tradycji narodowej&#8221; organizuje wycieczk\u0119 pn. &#8222;Krak\u00f3w \u2013 kolebka kultury i historii Polski&#8221;, kt\u00f3ra odb\u0119dzie si\u0119 w sobot\u0119, dnia 25.09.2021 r. [&hellip;]<\/p>\n","protected":false},"author":1,"featured_media":366,"comment_status":"closed","ping_status":"open","sticky":false,"template":"","format":"standard","meta":{"footnotes":""},"categories":[4],"tags":[],"class_list":["post-365","post","type-post","status-publish","format-standard","has-post-thumbnail","hentry","category-aktualnosci"],"_links":{"self":[{"href":"https:\/\/www.wielopolesolectwo.pl\/index.php\/wp-json\/wp\/v2\/posts\/365","targetHints":{"allow":["GET"]}}],"collection":[{"href":"https:\/\/www.wielopolesolectwo.pl\/index.php\/wp-json\/wp\/v2\/posts"}],"about":[{"href":"https:\/\/www.wielopolesolectwo.pl\/index.php\/wp-json\/wp\/v2\/types\/post"}],"author":[{"embeddable":true,"href":"https:\/\/www.wielopolesolectwo.pl\/index.php\/wp-json\/wp\/v2\/users\/1"}],"replies":[{"embeddable":true,"href":"https:\/\/www.wielopolesolectwo.pl\/index.php\/wp-json\/wp\/v2\/comments?post=365"}],"version-history":[{"count":1,"href":"https:\/\/www.wielopolesolectwo.pl\/index.php\/wp-json\/wp\/v2\/posts\/365\/revisions"}],"predecessor-version":[{"id":367,"href":"https:\/\/www.wielopolesolectwo.pl\/index.php\/wp-json\/wp\/v2\/posts\/365\/revisions\/367"}],"wp:featuredmedia":[{"embeddable":true,"href":"https:\/\/www.wielopolesolectwo.pl\/index.php\/wp-json\/wp\/v2\/media\/366"}],"wp:attachment":[{"href":"https:\/\/www.wielopolesolectwo.pl\/index.php\/wp-json\/wp\/v2\/media?parent=365"}],"wp:term":[{"taxonomy":"category","embeddable":true,"href":"https:\/\/www.wielopolesolectwo.pl\/index.php\/wp-json\/wp\/v2\/categories?post=365"},{"taxonomy":"post_tag","embeddable":true,"href":"https:\/\/www.wielopolesolectwo.pl\/index.php\/wp-json\/wp\/v2\/tags?post=365"}],"curies":[{"name":"wp","href":"https:\/\/api.w.org\/{rel}","templated":true}]}}