{"id":368,"date":"2021-09-21T10:35:32","date_gmt":"2021-09-21T09:35:32","guid":{"rendered":"https:\/\/www.nowa.wielopolesolectwo.pl\/?p=368"},"modified":"2025-12-06T13:50:33","modified_gmt":"2025-12-06T12:50:33","slug":"wycieczka-objazdowa-podkarpacie-ziemia-przemyska-religia-historia-architektura","status":"publish","type":"post","link":"https:\/\/www.wielopolesolectwo.pl\/index.php\/2021\/09\/21\/wycieczka-objazdowa-podkarpacie-ziemia-przemyska-religia-historia-architektura\/","title":{"rendered":"WYCIECZKA OBJAZDOWA &#8222;Podkarpacie \u2013 Ziemia Przemyska: religia, historia, architektura&#8221;"},"content":{"rendered":"\n<p>W dniach 11 -12.09.2021. Stowarzyszenie Rozwoju So\u0142ectwa Wielopole w ramach zadania publicznego dofinansowanego przez Gmin\u0119 Che\u0142miec: \"Wspieranie dzia\u0142a\u0144 na rzecz os\u00f3b niepe\u0142nosprawnych oraz profilaktyki i promocji zdrowia poprzez: wspieranie dzia\u0142a\u0144 promuj\u0105cych zdrowy styl \u017cycia\", zorganizowa\u0142o wycieczk\u0119 pn.: \"Podkarpacie \u2013 Ziemia Przemyska: religia, historia, architektura\".<\/p>\n\n\n\n<p>Kalwaria Pac\u0142awska \u2013 pierwszy cel naszej wycieczki to miejsce p\u0105tnicze \u2013 sanktuarium, kt\u00f3re nie ogranicza si\u0119 tylko do \u015bwi\u0105tyni i klasztoru, ale rozci\u0105ga si\u0119 na okoliczne wzg\u00f3rza, doliny, \u0142\u0105ki i lasy, w swoich kapliczkach przybli\u017ca wiernym tajemnice. Ze wzgl\u0119du na szczeg\u00f3lny kult M\u0119ki Pa\u0144skiej, na obecno\u015b\u0107 cudownego obrazu Matki Bo\u017cej i umi\u0142owanie Maryi przez wiernych, miejsce to zwane jest Jerozolim\u0105 Wschodu, a i te\u017c Jasn\u0105 G\u00f3r\u0105 Podkarpacia. Mieli\u015bmy wielki zaszczyt uczestniczy\u0107 w uroczysto\u015bciach Podwy\u017cszenia Krzy\u017ca \u015awi\u0119tego, kt\u00f3re corocznie trwaj\u0105 w dniach od 11 do 15 sierpnia. Uczestniczyli\u015bmy w mszach \u015bwi\u0119tych, r\u00f3\u017ca\u0144cu, procesji i zas\u0142oni\u0119ciu cudownego obrazu Matki Boskiej Kalwaryjskiej.<\/p>\n\n\n\n<p>Nast\u0119pnie \"zahaczyli\u015bmy\" o wie\u015b Ar\u0142am\u00f3w, gdzie po wprowadzeniu stanu wojennego przez sze\u015b\u0107 miesi\u0119cy, w 1982 roku, internowany by\u0142 Lech Wa\u0142\u0119sa, \u00f3wczesny przewodnicz\u0105cy \"Solidarno\u015bci\" i p\u00f3\u017aniejszy Prezydent RP.<\/p>\n\n\n\n<p>Poznawanie Przemy\u015bla rozpocz\u0119li\u015bmy od zwiedzenia jednego z element\u00f3w struktury obronnej Twierdzy Przemy\u015bl - Fortu I \"Salis Soglio\". Twierdza Przemy\u015bl wyr\u00f3\u017cni\u0142a si\u0119 a\u017c trzema obl\u0119\u017ceniami (rzecz niespotykana w dotychczasowej historii wojen) oraz najd\u0142u\u017cszym okresem obl\u0119\u017cenia w oderwaniu od sta\u0142ego rodzimego frontu (173 dni). Zachowane elementy zabudowy fortecznej, koszarowej, socjalnej i obronnej Fortu I zrobi\u0142y na uczestnikach wycieczki olbrzymie wra\u017cenie. Przy okazji pobytu bezpo\u015brednio przy granicy pa\u0144stwowej RP z Ukrain\u0105, uczestnicy wycieczki dowiedzieli si\u0119 od Kierownika wycieczki co nieco o sposobach ochrony granic RP.<\/p>\n\n\n\n<p>W Muzeum Dzwon\u00f3w i Fajek ogl\u0105dn\u0119li\u015bmy i zapoznali\u015bmy si\u0119 z nietypow\u0105 ich kolekcj\u0105 dzwon\u00f3w i fajek. Wystawa roz\u0142o\u017cona jest na kilku pi\u0119trach wie\u017cy, a prezentowane s\u0105 wyroby, kt\u00f3re powstawa\u0142y w Przemy\u015blu od stuleci i powstaj\u0105 nadal. Spaceruj\u0105c z przewodnikiem PTTK zwiedzili\u015bmy stary Przemy\u015bl. Poznali\u015bmy histori\u0119 miasta, odwiedzili\u015bmy Katedr\u0119 greckokatolicka w Przemy\u015blu i zwiedzili\u015bmy Bazylik\u0119 archikatedraln\u0105, gdzie w podziemiach, w miejscu dzisiejszego prezbiterium katedry znajduj\u0105 zachowane elementy \u015bwi\u0105tyni roma\u0144skiej z 2 po\u0142owy XII. Nast\u0119pnie spotkali\u015bmy si\u0119 z dzielnym wojakiem J\u00f3zefem Szwejkiem, kt\u00f3ry siedz\u0105c na swojej \u0142aweczce \u2013 pomniku, pyka faj\u0119 popijaj\u0105c piwko i dobrotliwym u\u015bmiechem zaprasza do siebie turyst\u00f3w. Po tym spotkaniu zamoczyli\u015bmy r\u0119ce w fontannie, kt\u00f3rej g\u0142\u00f3wnym elementem jest nied\u017awied\u017a \u2013 herb Przemy\u015bla.<\/p>\n\n\n\n<p>Ostatnim etapem wycieczki by\u0142 przejazd do Krasiczyna, by tam pozna\u0107 bogat\u0105 histori\u0119 i zwiedzi\u0107 Zamek - jeden z najpi\u0119kniejszych skarb\u00f3w architektury renesansowo-manierystycznej w Europie.<\/p>\n\n\n\n<p>By\u0142a to wspania\u0142a wycieczka, kt\u00f3ra przynios\u0142a du\u017co wra\u017ce\u0144 duchowych, estetycznych i poznawczych.<\/p>\n\n\n\n<p>Zapraszamy do <a href=\"https:\/\/photos.app.goo.gl\/6xdeF1pYrry9Xsxz8\">galerii.<\/a><\/p>\n\n\n\n<p>Opracowa\u0142:<br>Ryszard \u0141akomski \u2013 kierownik wycieczki<\/p>\n","protected":false},"excerpt":{"rendered":"<p>W dniach 11 -12.09.2021. Stowarzyszenie Rozwoju So\u0142ectwa Wielopole w ramach zadania publicznego dofinansowanego przez Gmin\u0119 Che\u0142miec: &#8222;Wspieranie dzia\u0142a\u0144 na rzecz os\u00f3b niepe\u0142nosprawnych oraz profilaktyki i promocji zdrowia poprzez: wspieranie dzia\u0142a\u0144 promuj\u0105cych zdrowy styl \u017cycia&#8221;, zorganizowa\u0142o wycieczk\u0119 pn.: &#8222;Podkarpacie \u2013 Ziemia Przemyska: religia, historia, architektura&#8221;. Kalwaria Pac\u0142awska \u2013 pierwszy cel naszej wycieczki to miejsce p\u0105tnicze \u2013 [&hellip;]<\/p>\n","protected":false},"author":1,"featured_media":369,"comment_status":"closed","ping_status":"open","sticky":false,"template":"","format":"standard","meta":{"footnotes":""},"categories":[4],"tags":[],"class_list":["post-368","post","type-post","status-publish","format-standard","has-post-thumbnail","hentry","category-aktualnosci"],"_links":{"self":[{"href":"https:\/\/www.wielopolesolectwo.pl\/index.php\/wp-json\/wp\/v2\/posts\/368","targetHints":{"allow":["GET"]}}],"collection":[{"href":"https:\/\/www.wielopolesolectwo.pl\/index.php\/wp-json\/wp\/v2\/posts"}],"about":[{"href":"https:\/\/www.wielopolesolectwo.pl\/index.php\/wp-json\/wp\/v2\/types\/post"}],"author":[{"embeddable":true,"href":"https:\/\/www.wielopolesolectwo.pl\/index.php\/wp-json\/wp\/v2\/users\/1"}],"replies":[{"embeddable":true,"href":"https:\/\/www.wielopolesolectwo.pl\/index.php\/wp-json\/wp\/v2\/comments?post=368"}],"version-history":[{"count":1,"href":"https:\/\/www.wielopolesolectwo.pl\/index.php\/wp-json\/wp\/v2\/posts\/368\/revisions"}],"predecessor-version":[{"id":370,"href":"https:\/\/www.wielopolesolectwo.pl\/index.php\/wp-json\/wp\/v2\/posts\/368\/revisions\/370"}],"wp:featuredmedia":[{"embeddable":true,"href":"https:\/\/www.wielopolesolectwo.pl\/index.php\/wp-json\/wp\/v2\/media\/369"}],"wp:attachment":[{"href":"https:\/\/www.wielopolesolectwo.pl\/index.php\/wp-json\/wp\/v2\/media?parent=368"}],"wp:term":[{"taxonomy":"category","embeddable":true,"href":"https:\/\/www.wielopolesolectwo.pl\/index.php\/wp-json\/wp\/v2\/categories?post=368"},{"taxonomy":"post_tag","embeddable":true,"href":"https:\/\/www.wielopolesolectwo.pl\/index.php\/wp-json\/wp\/v2\/tags?post=368"}],"curies":[{"name":"wp","href":"https:\/\/api.w.org\/{rel}","templated":true}]}}