{"id":371,"date":"2021-09-25T10:37:02","date_gmt":"2021-09-25T09:37:02","guid":{"rendered":"https:\/\/www.nowa.wielopolesolectwo.pl\/?p=371"},"modified":"2025-12-06T13:50:48","modified_gmt":"2025-12-06T12:50:48","slug":"wycieczka-do-zakopanegomorskie-oko-perelka-a-zakopane-stolica-tatr","status":"publish","type":"post","link":"https:\/\/www.wielopolesolectwo.pl\/index.php\/2021\/09\/25\/wycieczka-do-zakopanegomorskie-oko-perelka-a-zakopane-stolica-tatr\/","title":{"rendered":"Wycieczka do Zakopanego!&#8221;Morskie Oko pere\u0142k\u0105, a Zakopane \u2013 stolic\u0105 Tatr&#8221;"},"content":{"rendered":"\n<p>Z przyjemno\u015bci\u0105 informujemy wszystkich mieszka\u0144c\u00f3w gminy Che\u0142miec, \u017ce nasze Stowarzyszenie w ramach zadania publicznego wspieranego przez Gmin\u0119 Che\u0142miec: pn. Profilaktyka to aktywny i poznawczy wypoczynek pn.: \"Morskie Oko pere\u0142k\u0105, a Zakopane \u2013 stolic\u0105 Tatr\", kt\u00f3ra odb\u0119dzie si\u0119 02 pa\u017adziernika 2021 r.<\/p>\n\n\n\n<p>Wycieczka b\u0119dzie realizowana zgodnie z aktualnymi zasadami i ograniczeniami zwi\u0105zanymi z koronawirusem, kt\u00f3re opublikowane s\u0105 na <a href=\"https:\/\/www.gov.pl\/web\/koronawirus\/aktualne-zasady-i-ograniczenia\">stronie Ministerstwa.<\/a><\/p>\n\n\n\n<p><strong>Uwaga!<\/strong> Zapoznaj si\u0119 z aktualnymi zasadami bezpiecze\u0144stwa oraz sprawd\u017a, co si\u0119 zmieni na dzie\u0144 wyjazdu na wycieczk\u0119. <strong>Program<\/strong><br>Jednodniowa autokarowa wycieczka krajoznawcza pn.: \"Morskie Oko pere\u0142k\u0105, a Zakopane \u2013 stolic\u0105 Tatr\" dn. 02.10.2021 r.<\/p>\n\n\n\n<p>W ramach naszej wycieczki planuje si\u0119 :<\/p>\n\n\n\n<ol class=\"wp-block-list\">\n<li>Odwiedzenie Morskiego Oka, kt\u00f3re podobnie jak Kasprowy Wierch, to turystyczny symbol polskich Tatr. Jest to najwi\u0119kszym jeziorem tatrza\u0144skim i nie bez powodu uwa\u017cane za najpi\u0119kniejsze.<\/li>\n\n\n\n<li>Zwiedzanie Zakopanego, a w tym m.in.:\n<ul class=\"wp-block-list\">\n<li>Zwiedzanie Kaplicy Naj\u015bwi\u0119tszego Serca Jezusa na Jaszczur\u00f3wce \u2013 autorstwa Stanis\u0142awa Witkiewicza<\/li>\n\n\n\n<li>Zwiedzanie i modlitwa w Sanktuarium Matki Boskiej Fatimskiej na Krzept\u00f3wkach. Jest to rzymskokatolickie sanktuarium maryjne w Zakopanem, wybudowane jako votum za ocalenie \u017cycia papie\u017ca Jana Paw\u0142a II po zamachu z 13 maja 1981. Mie\u015bci si\u0119 przy ul. Krzept\u00f3wki.<\/li>\n\n\n\n<li>Zwiedzanie Cmentarza Zas\u0142u\u017conych na P\u0119ksowym Brzyzku, gdzie pochowanych jest oko\u0142o 250 os\u00f3b zas\u0142u\u017conych dla Polski i dla Zakopanego. S\u0105 w\u015br\u00f3d nich mogi\u0142y m.in. Kornel Makuszy\u0144skiego, Jana D\u0142ugosza, Stanis\u0142awa Marusarza. Znajduj\u0105 si\u0119 tam r\u00f3wnie\u017c szcz\u0105tki artyst\u00f3w, przedstawicieli M\u0142odej Polski: Kazimierza Przerwy-Tetmajera, Tytusa Cha\u0142ubi\u0144skiego, Saba\u0142y czy te\u017c Stanis\u0142awa Witkiewicza. Pochowano tutaj r\u00f3wnie\u017c W\u0142adys\u0142awa Orkana, Karola Stryje\u0144skiego, Antoniego Kenara, Antoniego Rz\u0105sy, Zofi\u0119 Radwa\u0144sk\u0105-Parysk\u0105, Witolda Paryskiego, Mieczys\u0142awa Biernacika, Beat\u0119 Oberty\u0144sk\u0105, ks. J\u00f3zefa Stolarczyka oraz wielu innych. Niemal wszystkie nagrobki znajduj\u0105ce si\u0119 na tej nekropolii to niepowtarzalne, unikalne dzie\u0142a sztuki g\u00f3ralskiej wykonane w kamieniu, drewnie, metalu lub malowane na szkle.<\/li>\n<\/ul>\n<\/li>\n\n\n\n<li>Przejazd autobusem i wycieczka piesza po ciekawych miejscach miasta.<\/li>\n<\/ol>\n\n\n\n<p><strong>Harmonogram wycieczki<\/strong><\/p>\n\n\n\n<p><strong>02.10.2021 r.<\/strong><\/p>\n\n\n\n<ol class=\"wp-block-list\">\n<li>Zbi\u00f3rka uczestnik\u00f3w wycieczki przy \u015bwietlicy wiejskiej w Wielopolu do godz. 6.45<\/li>\n\n\n\n<li>Wyjazd z Wielopola godz. 6.45<\/li>\n\n\n\n<li>Planowany dojazd do Palenicy Bia\u0142cza\u0144skiej ok. godz. 9.00<\/li>\n\n\n\n<li>Przejazd nad Morskie Oko zapoznanie si\u0119 z krajobrazem tatrza\u0144skim i powr\u00f3t do Palenicy Bia\u0142cza\u0144skiej do ok. 13.00<\/li>\n\n\n\n<li>Przejazd na obiad do Bukowiny Tatrza\u0144skiej na obiad i czas na spo\u017cycie posi\u0142ku do ok. 14.30<\/li>\n\n\n\n<li>Przejazd do Zakopanego<\/li>\n\n\n\n<li>Zwiedzanie Zakopanego do ok. 18.00<\/li>\n\n\n\n<li>Powr\u00f3t do Wielopola ok. 20.30<\/li>\n<\/ol>\n\n\n\n<p>Dodatkowo informacji mog\u0105 udzieli\u0107:<br>Kierownikiem wycieczki b\u0119dzie p. Ryszard \u0141akomski, tel. 601 547 566<br>Koordynatorem projektu jest p. Stefan Opalski, tel. 608 130 035<\/p>\n\n\n\n<p><strong>WA\u017bNE INFORMACJE!!!<\/strong><\/p>\n\n\n\n<ul class=\"wp-block-list\">\n<li>Zpisy do udzia\u0142u w wycieczce mo\u017cna zg\u0142asza\u0107 telefonicznie, mailem lub osobi\u015bcie do dnia 30.09.2021 r.<\/li>\n\n\n\n<li>Ilo\u015b\u0107 uczestnik\u00f3w wycieczki jest ograniczona<\/li>\n\n\n\n<li>Ka\u017cdy uczestnik wycieczki zostanie ubezpieczony.<\/li>\n\n\n\n<li>Dop\u0142ata do wycieczki wynosi:<ul><li><strong>95 z\u0142<\/strong> (dziewi\u0119\u0107dziesi\u0105t pi\u0119\u0107) od m\u0142odzie\u017cy szkolnej i cz\u0142onk\u00f3w Stowarzyszenia<\/li><li><strong>135 z\u0142<\/strong> (sto trzydzie\u015bci pi\u0119\u0107 z\u0142otych) od osoby doros\u0142ej (nie b\u0119d\u0105cych cz\u0142onkami Stowarzyszenia)<\/li><\/ul>Kwot\u0119, kt\u00f3r\u0105 nale\u017cy wp\u0142aci\u0107 na konto Stowarzyszenia: <strong>\u0141\u0105cki Bank Sp\u00f3\u0142dzielczy, 46 8805 0009 0045 0472 2000 0010 do dnia 30.09.2021 r.,<\/strong> lub indywidualnie wp\u0142aty przyjmuje Ryszard \u0141akomski.<br>Przed podj\u0119ciem decyzji o udziale w wycieczce prosz\u0119 zaznajomi\u0107 si\u0119 z:<\/li>\n\n\n\n<li><a href=\"https:\/\/www.wielopolesolectwo.pl\/other\/regulamin_zakopane.pdf\">Regulaminem wycieczek<\/a> oraz<\/li>\n\n\n\n<li>Wype\u0142ni\u0107 <a href=\"https:\/\/www.wielopolesolectwo.pl\/other\/formularz_zakopane.pdf\">formularz zg\u0142oszeniowy,<\/a><\/li>\n\n\n\n<li>Wype\u0142ni\u0107 <a href=\"https:\/\/www.wielopolesolectwo.pl\/other\/oswiadczenie_zakopane.pdf\">o\u015bwiadczenie o zgodzie na przetwarzanie danych osobowych.<\/a><\/li>\n<\/ul>\n\n\n\n<p>Dokumenty te powinny by\u0107 wype\u0142nione przez uczestnik\u00f3w wycieczki do dnia <strong>30.09.2021 r.<\/strong> i dostarczone do Ryszarda \u0141akomskiego.<\/p>\n\n\n\n<p>Uczestnicy wycieczki winni zabra\u0107 ze sob\u0105 dowody to\u017csamo\u015bci oraz dokumenty uprawniaj\u0105ce ich do ulg i zni\u017cek na bilety wst\u0119pu (emeryci, renci\u015bci, m\u0142odzie\u017c szkolna, studenci itp...)<\/p>\n\n\n\n<p>Uwaga!<br>Wycieczka b\u0119dzie realizowana zgodnie z aktualnymi zasadami i ograniczeniami zwi\u0105zanymi z koronawirusem. Przed wycieczk\u0105 zapoznaj si\u0119 z aktualnymi zasadami bezpiecze\u0144stwa oraz sprawd\u017a, co si\u0119 zmieni na dzie\u0144 wyjazdu na wycieczk\u0119. <a href=\"https:\/\/www.gov.pl\/web\/koronawirus\/aktualne-zasady-i-ograniczenia\">Link <\/a>do strony Ministerstwa.<\/p>\n\n\n\n<p>Projekt finansowany z przez Gmin\u0119 Che\u0142miec w ramach wsparcia realizacji zada\u0144 publicznych w 2021r. przez organizacje pozarz\u0105dowe.<\/p>\n","protected":false},"excerpt":{"rendered":"<p>Z przyjemno\u015bci\u0105 informujemy wszystkich mieszka\u0144c\u00f3w gminy Che\u0142miec, \u017ce nasze Stowarzyszenie w ramach zadania publicznego wspieranego przez Gmin\u0119 Che\u0142miec: pn. Profilaktyka to aktywny i poznawczy wypoczynek pn.: &#8222;Morskie Oko pere\u0142k\u0105, a Zakopane \u2013 stolic\u0105 Tatr&#8221;, kt\u00f3ra odb\u0119dzie si\u0119 02 pa\u017adziernika 2021 r. Wycieczka b\u0119dzie realizowana zgodnie z aktualnymi zasadami i ograniczeniami zwi\u0105zanymi z koronawirusem, kt\u00f3re opublikowane [&hellip;]<\/p>\n","protected":false},"author":1,"featured_media":372,"comment_status":"closed","ping_status":"open","sticky":false,"template":"","format":"standard","meta":{"footnotes":""},"categories":[4],"tags":[],"class_list":["post-371","post","type-post","status-publish","format-standard","has-post-thumbnail","hentry","category-aktualnosci"],"_links":{"self":[{"href":"https:\/\/www.wielopolesolectwo.pl\/index.php\/wp-json\/wp\/v2\/posts\/371","targetHints":{"allow":["GET"]}}],"collection":[{"href":"https:\/\/www.wielopolesolectwo.pl\/index.php\/wp-json\/wp\/v2\/posts"}],"about":[{"href":"https:\/\/www.wielopolesolectwo.pl\/index.php\/wp-json\/wp\/v2\/types\/post"}],"author":[{"embeddable":true,"href":"https:\/\/www.wielopolesolectwo.pl\/index.php\/wp-json\/wp\/v2\/users\/1"}],"replies":[{"embeddable":true,"href":"https:\/\/www.wielopolesolectwo.pl\/index.php\/wp-json\/wp\/v2\/comments?post=371"}],"version-history":[{"count":1,"href":"https:\/\/www.wielopolesolectwo.pl\/index.php\/wp-json\/wp\/v2\/posts\/371\/revisions"}],"predecessor-version":[{"id":373,"href":"https:\/\/www.wielopolesolectwo.pl\/index.php\/wp-json\/wp\/v2\/posts\/371\/revisions\/373"}],"wp:featuredmedia":[{"embeddable":true,"href":"https:\/\/www.wielopolesolectwo.pl\/index.php\/wp-json\/wp\/v2\/media\/372"}],"wp:attachment":[{"href":"https:\/\/www.wielopolesolectwo.pl\/index.php\/wp-json\/wp\/v2\/media?parent=371"}],"wp:term":[{"taxonomy":"category","embeddable":true,"href":"https:\/\/www.wielopolesolectwo.pl\/index.php\/wp-json\/wp\/v2\/categories?post=371"},{"taxonomy":"post_tag","embeddable":true,"href":"https:\/\/www.wielopolesolectwo.pl\/index.php\/wp-json\/wp\/v2\/tags?post=371"}],"curies":[{"name":"wp","href":"https:\/\/api.w.org\/{rel}","templated":true}]}}