{"id":377,"date":"2021-10-06T10:39:37","date_gmt":"2021-10-06T09:39:37","guid":{"rendered":"https:\/\/www.nowa.wielopolesolectwo.pl\/?p=377"},"modified":"2025-12-06T13:51:17","modified_gmt":"2025-12-06T12:51:17","slug":"wycieczka-objazdowa-morskie-oko-perelka-a-zakopane-stolica-tatr","status":"publish","type":"post","link":"https:\/\/www.wielopolesolectwo.pl\/index.php\/2021\/10\/06\/wycieczka-objazdowa-morskie-oko-perelka-a-zakopane-stolica-tatr\/","title":{"rendered":"WYCIECZKA OBJAZDOWA &#8222;Morskie Oko &#8211; pere\u0142k\u0105, a Zakopane \u2013 stolic\u0105 Tatr&#8221;"},"content":{"rendered":"\n<p>W dniu 02.10.2021. Stowarzyszenie Rozwoju So\u0142ectwa Wielopole w ramach zadania publicznego dofinansowanego przez Gmin\u0119 Che\u0142miec \"Profilaktyka to aktywny i poznawczy wypoczynek\u201d zorganizowa\u0142o wycieczk\u0119 pn.: \"Morskie Oko - pere\u0142k\u0105, a Zakopane \u2013 stolic\u0105 Tatr\".<\/p>\n\n\n\n<p>Pogoda zosta\u0142a zam\u00f3wiona przy okazji pobytu Wielopolan na wycieczce w Kalwarii Pac\u0142awskiej. \u015alicznie \u015bwiec\u0105ce s\u0142oneczko i bezwietrznie sprawi\u0142y, \u017ce ten dzie\u0144 by\u0142 idealny do uskutecznienia naszej eskapady.<\/p>\n\n\n\n<p>Pierwszym celem naszej wycieczki by\u0142o Morskie Oko. Podczas w\u0119dr\u00f3wki do tego najpi\u0119kniejszego jeziora w Polsce (niekt\u00f3rzy uwa\u017caj\u0105, \u017ce na \u015bwiecie) wpierw dolin\u0105 Bia\u0142ki, a p\u00f3\u017aniej drog\u0105 nad Rybim Potokiem, podziwiali\u015bmy wspania\u0142e widoki na Tatry Bielskie po stronie S\u0142owackiej z dominuj\u0105c\u0105 pot\u0119g\u0105 Hawrania i Polskie, z kt\u00f3rych grzebieniasty szczyt Rys\u00f3w przywo\u0142ywa\u0142 nas do siebie. Adrian, nasz tatrza\u0144ski przewodnik i jednocze\u015bnie ratownik TOPR, \u015blicznie, u\u017cywaj\u0105c r\u00f3wnie\u017c zakopia\u0144skiej gwary, opowiada\u0142 nam o Tatrach, wskazuj\u0105c charakterystyczne elementy ich pi\u0119kna, a pod jednym ze stok\u00f3w opowiedzia\u0142 o akcji ratowniczej, w kt\u00f3rej uczestniczy\u0142 po zej\u015bciu lawiny. Morskie Oko, jezioro po\u0142o\u017cone na wysoko\u015bci 1395 m. n.p.m. jest pochodzenia polodowcowego. Lodowiec zostawi\u0142 je dla nas w cieniu Mi\u0119guszowieckich Szczyt\u00f3w, Rys\u00f3w i Cubryny. Pi\u0119kna jeziora i jego otoczenia nie da si\u0119 opisa\u0107, tam po prostu trzeba by\u0107.<\/p>\n\n\n\n<p>Po wspania\u0142ym obiedzie, pysznym serniczku z kawusi\u0105 i niespodziance od Zosi - szefowej o\u015brodka, Adrian powi\u00f3d\u0142 nas do Zakopanego. Wpierw zwiedzili\u015bmy kaplic\u0119 pw. Naj\u015bwi\u0119tszego Serca Pana Jezusa. \u015awi\u0105tynia ta zosta\u0142a wzniesiona w latach 1904-1908 wed\u0142ug projektu Stanis\u0142awa Witkiewicza. Budynek jest doskona\u0142ym przyk\u0142adem stylu zakopia\u0144skiego i zarazem jednym z najpi\u0119kniejszych drewnianych ko\u015bcio\u0142\u00f3w w Polsce.<\/p>\n\n\n\n<p>By\u0107 w Zakopanem i nie spojrze\u0107 na najpi\u0119kniejsze w \u015bwiecie skocznie narciarskie? - w\u0142a\u015bnie to by\u0142 nast\u0119pny przystanek naszej wycieczki. Mieli\u015bmy okazj\u0119 obserwowa\u0107 zawody dla bardzo odwa\u017cnych m\u0142odzik\u00f3w tego sportu odbywaj\u0105ce si\u0119 na ma\u0142ej skoczni.<\/p>\n\n\n\n<p>W autobusie \u201emeandruj\u0105cym\u201d ulicami Zakopanego, Adrian opowiada\u0142 nam i wskazywa\u0142 miejsca istotne i zachowane dla historii miasta. Tak dojechali\u015bmy w pobli\u017ce Krup\u00f3wek, gdzie stoi niewielki ko\u015bci\u00f3\u0142 drewniany p.w. Matki Boskiej Cz\u0119stochowskiej i \u015aw. Klemensa, wybudowany przez miejscowych cie\u015bli w latach 1847-51 z inicjatywy J\u00f3zefa Stolarczyka - pierwszego proboszcza Zakopanego. Nazywany jest starym, gdy\u017c jest to najstarsza drewniana budowla sakralna w mie\u015bcie. Obok ko\u015bci\u00f3\u0142ka znajduje si\u0119 murowana kapliczka \u015aw. Andrzeja i Benedykta, wzniesiona, jak g\u0142osi legenda, dla odkupienia grzech\u00f3w Paw\u0142a G\u0105sienicy. Spod ko\u015bcio\u0142a \u015bcie\u017cka zaprowadzi\u0142a nas na popularny stary cmentarz \"Na P\u0119ksowym Brzyzku\". W gwarze g\u00f3ralskiej \u201ebrzyz\u201d (\u201ebrzyzek\u201d) oznacza urwisko nad potokiem. Bram\u0119 cmentarn\u0105 zaprojektowa\u0142 Stanis\u0142aw Witkiewicz. Na P\u0119ksowym Brzyzku znajduje si\u0119 oko\u0142o 500 grob\u00f3w, w tym 250 os\u00f3b zas\u0142u\u017conych dla Zakopanego i Polski. Prawie wszystkie nagrobki s\u0105 niepowtarzalnymi dzie\u0142ami sztuki: kapliczkami, g\u00f3ralskimi krzy\u017cami, rze\u017abionymi w motywy podhala\u0144skie, malowanymi na szkle lub wykonanymi w drewnie, metalu lub kamieniu. Znajdziemy tam groby Witkacego, Stanis\u0142awa Marusarza, Heleny Marusarz\u00f3wny, Kornela Makuszy\u0144ski, W\u0142adys\u0142awa Orkana, Kazimierza Przerwy-Tetmajera, Tytusa Cha\u0142ubi\u0144skiego, Saba\u0142y, Stanis\u0142awa Witkiewicza, W\u0142adys\u0142awa Hasiora. O niekt\u00f3rych spoczywaj\u0105cych tam, zapisanych na kartach historii naszej ojczyzny opowiedzia\u0142 nam pi\u0119knie Adrian.<\/p>\n\n\n\n<p>Po tej historycznej uczcie by\u0142 czas na ,,szale\u0144stwo\u201d na Krup\u00f3wkach. Nazwa tej ulicy pochodzi od polany Krup\u00f3wki, przez kt\u00f3r\u0105 ulica ta przebiega - w\u0142a\u015bcicielami tej polany by\u0142a rodzina Krupowskich. Zanim powsta\u0142a ta s\u0142awna, dawniej wiod\u0142a ni\u0105 \u015bcie\u017cka, kt\u00f3ra \u0142\u0105czy\u0142a ze sob\u0105 zakopia\u0144skie Nawsie przy ulicy Ko\u015bcieliskiej z Ku\u017anicami. \u015acie\u017cka ta w g\u00f3rnej swojej cz\u0119\u015bci bieg\u0142a przez g\u0119sty las, w \u015brodkowej przez \u0142\u0105ki i bagna, w dolnej za\u015b przebiega\u0142a w\u015br\u00f3d nielicznych zabudowa\u0144, ale o tym, po co G\u00f3rale chodzili Krup\u00f3wkami, mo\u017ce dowiemy si\u0119 podczas nast\u0119pnej wycieczki.<\/p>\n\n\n\n<p>Zapraszamy do <a href=\"https:\/\/photos.app.goo.gl\/db89ZPMHXPc2yCGEA\">galerii.<\/a><\/p>\n\n\n\n<p>Opracowa\u0142: Ryszard \u0141akomski \u2013 kierownik wycieczki<\/p>\n","protected":false},"excerpt":{"rendered":"<p>W dniu 02.10.2021. Stowarzyszenie Rozwoju So\u0142ectwa Wielopole w ramach zadania publicznego dofinansowanego przez Gmin\u0119 Che\u0142miec &#8222;Profilaktyka to aktywny i poznawczy wypoczynek\u201d zorganizowa\u0142o wycieczk\u0119 pn.: &#8222;Morskie Oko &#8211; pere\u0142k\u0105, a Zakopane \u2013 stolic\u0105 Tatr&#8221;. Pogoda zosta\u0142a zam\u00f3wiona przy okazji pobytu Wielopolan na wycieczce w Kalwarii Pac\u0142awskiej. \u015alicznie \u015bwiec\u0105ce s\u0142oneczko i bezwietrznie sprawi\u0142y, \u017ce ten dzie\u0144 by\u0142 [&hellip;]<\/p>\n","protected":false},"author":1,"featured_media":378,"comment_status":"closed","ping_status":"open","sticky":false,"template":"","format":"standard","meta":{"footnotes":""},"categories":[4],"tags":[],"class_list":["post-377","post","type-post","status-publish","format-standard","has-post-thumbnail","hentry","category-aktualnosci"],"_links":{"self":[{"href":"https:\/\/www.wielopolesolectwo.pl\/index.php\/wp-json\/wp\/v2\/posts\/377","targetHints":{"allow":["GET"]}}],"collection":[{"href":"https:\/\/www.wielopolesolectwo.pl\/index.php\/wp-json\/wp\/v2\/posts"}],"about":[{"href":"https:\/\/www.wielopolesolectwo.pl\/index.php\/wp-json\/wp\/v2\/types\/post"}],"author":[{"embeddable":true,"href":"https:\/\/www.wielopolesolectwo.pl\/index.php\/wp-json\/wp\/v2\/users\/1"}],"replies":[{"embeddable":true,"href":"https:\/\/www.wielopolesolectwo.pl\/index.php\/wp-json\/wp\/v2\/comments?post=377"}],"version-history":[{"count":1,"href":"https:\/\/www.wielopolesolectwo.pl\/index.php\/wp-json\/wp\/v2\/posts\/377\/revisions"}],"predecessor-version":[{"id":379,"href":"https:\/\/www.wielopolesolectwo.pl\/index.php\/wp-json\/wp\/v2\/posts\/377\/revisions\/379"}],"wp:featuredmedia":[{"embeddable":true,"href":"https:\/\/www.wielopolesolectwo.pl\/index.php\/wp-json\/wp\/v2\/media\/378"}],"wp:attachment":[{"href":"https:\/\/www.wielopolesolectwo.pl\/index.php\/wp-json\/wp\/v2\/media?parent=377"}],"wp:term":[{"taxonomy":"category","embeddable":true,"href":"https:\/\/www.wielopolesolectwo.pl\/index.php\/wp-json\/wp\/v2\/categories?post=377"},{"taxonomy":"post_tag","embeddable":true,"href":"https:\/\/www.wielopolesolectwo.pl\/index.php\/wp-json\/wp\/v2\/tags?post=377"}],"curies":[{"name":"wp","href":"https:\/\/api.w.org\/{rel}","templated":true}]}}