{"id":386,"date":"2022-03-24T10:49:08","date_gmt":"2022-03-24T09:49:08","guid":{"rendered":"https:\/\/www.nowa.wielopolesolectwo.pl\/?p=386"},"modified":"2025-12-06T13:52:09","modified_gmt":"2025-12-06T12:52:09","slug":"zmarla-nasza-kolezanka-anna-klehr-falowska","status":"publish","type":"post","link":"https:\/\/www.wielopolesolectwo.pl\/index.php\/2022\/03\/24\/zmarla-nasza-kolezanka-anna-klehr-falowska\/","title":{"rendered":"Zmar\u0142a nasza Kole\u017canka Anna Klehr-Fa\u0142owska"},"content":{"rendered":"\n<p>Z wielkim \u017calem przyj\u0119li\u015bmy wiadomo\u015b\u0107, \u017ce zmar\u0142a nasza Kole\u017canka Anna Klehr-Fa\u0142owska \u2013 aktywna spo\u0142ecznica i cz\u0142onkini Stowarzyszenia Rozwoju So\u0142ectwa Wielopole i Ko\u0142a Gospody\u0144 Wiejskich.<\/p>\n\n\n\n<p>Ani\u0119 cechowa\u0142a skromno\u015b\u0107, wra\u017cliwo\u015b\u0107 w postrzeganiu ludzi i \u015bwiata. By\u0142a autork\u0105 licznych utwor\u00f3w poetyckich, \u015bwiadcz\u0105cych o jej niezwyk\u0142ej uczuciowo\u015bci. W jednym ze swych wierszy pisze tak:<\/p>\n\n\n\n<p>\"Otrzyma\u0142e\u015b w darze swoje \u017cycie - bezcenne<\/p>\n\n\n\n<p>Sk\u0142ada si\u0119 z pojedynczych dni<\/p>\n\n\n\n<p>Ka\u017cdy z nich mo\u017cesz uczyni\u0107 klejnotem<\/p>\n\n\n\n<p>Lub pozwoli\u0107 mu zgasn\u0105\u0107<\/p>\n\n\n\n<p>\u017byj tak by cieszy\u0107 si\u0119 \u017cyciem<\/p>\n\n\n\n<p>Mie\u0107 wci\u0105\u017c nowe cele<\/p>\n\n\n\n<p>I buduj co\u015b nowego<\/p>\n\n\n\n<p>Tw\u00f3rczego dla siebie<\/p>\n\n\n\n<p>Roz\u015bwietlaj sw\u00f3j klejnot<\/p>\n\n\n\n<p>ale nie jeste\u015b sama na \u015bwiecie<\/p>\n\n\n\n<p>pochyl si\u0119 nad bezdomnym<\/p>\n\n\n\n<p>nakarm g\u0142odnego<\/p>\n\n\n\n<p>przytul samotnego \u2026\"<\/p>\n\n\n\n<p><\/p>\n\n\n\n<p>(w zbiorze wierszy \"Natchnione serce\")<\/p>\n\n\n\n<p>W listopadzie 2021 roku zosta\u0142a nagrodzona przez w\u0142adze gminy za propagowanie kultury na terenie Gminy Che\u0142miec.<\/p>\n\n\n\n<p><strong>Aniu, pozostaniesz w naszej wdzi\u0119cznej pami\u0119ci!<\/strong><br>Stowarzyszenie Rozwoju So\u0142ectwa Wielopole i mieszka\u0144cy Wielopola<\/p>\n","protected":false},"excerpt":{"rendered":"<p>Z wielkim \u017calem przyj\u0119li\u015bmy wiadomo\u015b\u0107, \u017ce zmar\u0142a nasza Kole\u017canka Anna Klehr-Fa\u0142owska \u2013 aktywna spo\u0142ecznica i cz\u0142onkini Stowarzyszenia Rozwoju So\u0142ectwa Wielopole i Ko\u0142a Gospody\u0144 Wiejskich. Ani\u0119 cechowa\u0142a skromno\u015b\u0107, wra\u017cliwo\u015b\u0107 w postrzeganiu ludzi i \u015bwiata. By\u0142a autork\u0105 licznych utwor\u00f3w poetyckich, \u015bwiadcz\u0105cych o jej niezwyk\u0142ej uczuciowo\u015bci. W jednym ze swych wierszy pisze tak: &#8222;Otrzyma\u0142e\u015b w darze swoje \u017cycie [&hellip;]<\/p>\n","protected":false},"author":1,"featured_media":387,"comment_status":"closed","ping_status":"open","sticky":false,"template":"","format":"standard","meta":{"footnotes":""},"categories":[4],"tags":[],"class_list":["post-386","post","type-post","status-publish","format-standard","has-post-thumbnail","hentry","category-aktualnosci"],"_links":{"self":[{"href":"https:\/\/www.wielopolesolectwo.pl\/index.php\/wp-json\/wp\/v2\/posts\/386","targetHints":{"allow":["GET"]}}],"collection":[{"href":"https:\/\/www.wielopolesolectwo.pl\/index.php\/wp-json\/wp\/v2\/posts"}],"about":[{"href":"https:\/\/www.wielopolesolectwo.pl\/index.php\/wp-json\/wp\/v2\/types\/post"}],"author":[{"embeddable":true,"href":"https:\/\/www.wielopolesolectwo.pl\/index.php\/wp-json\/wp\/v2\/users\/1"}],"replies":[{"embeddable":true,"href":"https:\/\/www.wielopolesolectwo.pl\/index.php\/wp-json\/wp\/v2\/comments?post=386"}],"version-history":[{"count":1,"href":"https:\/\/www.wielopolesolectwo.pl\/index.php\/wp-json\/wp\/v2\/posts\/386\/revisions"}],"predecessor-version":[{"id":388,"href":"https:\/\/www.wielopolesolectwo.pl\/index.php\/wp-json\/wp\/v2\/posts\/386\/revisions\/388"}],"wp:featuredmedia":[{"embeddable":true,"href":"https:\/\/www.wielopolesolectwo.pl\/index.php\/wp-json\/wp\/v2\/media\/387"}],"wp:attachment":[{"href":"https:\/\/www.wielopolesolectwo.pl\/index.php\/wp-json\/wp\/v2\/media?parent=386"}],"wp:term":[{"taxonomy":"category","embeddable":true,"href":"https:\/\/www.wielopolesolectwo.pl\/index.php\/wp-json\/wp\/v2\/categories?post=386"},{"taxonomy":"post_tag","embeddable":true,"href":"https:\/\/www.wielopolesolectwo.pl\/index.php\/wp-json\/wp\/v2\/tags?post=386"}],"curies":[{"name":"wp","href":"https:\/\/api.w.org\/{rel}","templated":true}]}}