{"id":389,"date":"2022-05-23T10:50:46","date_gmt":"2022-05-23T09:50:46","guid":{"rendered":"https:\/\/www.nowa.wielopolesolectwo.pl\/?p=389"},"modified":"2025-12-06T13:52:25","modified_gmt":"2025-12-06T12:52:25","slug":"pielgrzymka-do-miejsc-maryjnych-czestochowa-lichen-niepokalanow","status":"publish","type":"post","link":"https:\/\/www.wielopolesolectwo.pl\/index.php\/2022\/05\/23\/pielgrzymka-do-miejsc-maryjnych-czestochowa-lichen-niepokalanow\/","title":{"rendered":"Pielgrzymka do miejsc Maryjnych! &#8222;Cz\u0119stochowa \u2013 Liche\u0144 \u2013 Niepokalan\u00f3w&#8221;"},"content":{"rendered":"\n<p>Z przyjemno\u015bci\u0105 informujemy mieszka\u0144c\u00f3w, \u017ce Ko\u0142o Gospody\u0144 Wiejskich Wielopole organizuje 3 dniow\u0105 pielgrzymk\u0119 autokarow\u0105 do miejsc Maryjnych \"Cz\u0119stochowa \u2013 Liche\u0144 \u2013 Niepokalan\u00f3w\u201d w dniach od 8-go do 10-go lipca 2022 r. <strong>Program pielgrzymki:<\/strong><\/p>\n\n\n\n<p><strong>Pierwszy dzie\u0144 (pi\u0105tek)<\/strong><\/p>\n\n\n\n<p>Wyjazd z Wielopola do Cz\u0119stochowy, Jasna G\u00f3ra \u2013 sanktuarium wraz z klasztorem zakonu paulin\u00f3w w Cz\u0119stochowie, ze znajduj\u0105cym si\u0119 cudownym Obrazem Matki Bo\u017cej Cz\u0119stochowskiej s\u0142yn\u0105cym cudami, chroni\u0105cy nas podczas najazd\u00f3w, zabor\u00f3w i w trudnych dziejowych chwilach.<\/p>\n\n\n\n<p>Zwiedzanie na Jasnej G\u00f3rze: Kaplicy cudownego Obrazu, Bazyliki, Skarbca, Sali Rycerskiej, Arsena\u0142u, Wieczernika. Droga krzy\u017cowa na Wa\u0142ach wok\u00f3\u0142 Sanktuarium Jasnej G\u00f3ry.<\/p>\n\n\n\n<p>Przejazd do Lichenia.<\/p>\n\n\n\n<p><strong>Drugi dzie\u0144 (sobota)<\/strong><\/p>\n\n\n\n<p>Sanktuarium Matki Bo\u017cej Liche\u0144skiej \u2013 o\u015brodek pielgrzymkowy o znaczeniu og\u00f3lnopolskim oraz \u015bwiatowym.<\/p>\n\n\n\n<p>Zgromadzenie Ksi\u0119\u017cy Marian\u00f3w Niepokalanego Pocz\u0119cia Naj\u015bwi\u0119tszej Maryi Panny \u2013 Zakon katolicki za\u0142o\u017cony w 1673 r. przez Ojca Stanis\u0142awa Papczy\u0144skiego.<\/p>\n\n\n\n<p>\u015aw. Stanis\u0142aw Papczy\u0144ski urodzony 18 maja 1631 w Podegrodziu k\/ Starego S\u0105cza.<\/p>\n\n\n\n<p>Historia Obrazu Matki Bo\u017cej \u2013 pocz\u0105tek w lesie Gr\u0105bli\u0144skim, zwiedzanie Bazyliki Matki Bo\u017cej Bolesnej, Ko\u015bci\u00f3\u0142 \u015bw. Doroty, droga krzy\u017cowa w lesie Gr\u0105bli\u0144skim i na Golgocie. W Bazylice znajduj\u0105 si\u0119 najwi\u0119ksze w kraju Organy. Instrument pod wzgl\u0119dem wielko\u015bci jest 4 tym w Europie i 13-ty na \u015bwiecie.<\/p>\n\n\n\n<p><strong>Trzeci dzie\u0144 (niedziela)<\/strong><\/p>\n\n\n\n<p>Przejazd do Niepokalanowa \u2013 Franciszka\u0144ski klasztor zakonny w Paprotni gm. Teresin. Miejsce pracy i dzia\u0142alno\u015bci \u015bw. ojca Maksymiliana Kolbego oraz Bazylika Niepokalanej Wszechpo\u015bredniczki \u0141ask w Niepokalanowie.<\/p>\n\n\n\n<p>Po mszy \u015bw. zwiedzanie Muzeum Ojca Maksymiliana Kolbego, Panoramy Tysi\u0105clecia. Nawiedzenie Kaplicy \u015bw. Maksymiliana, poznanie historii Niepokalanowa i druku \u201eRycerza Niepokalanej\u201d \u2013 z przewodnikiem.<\/p>\n\n\n\n<p><strong>Harmonogram pielgrzymki:<\/strong><\/p>\n\n\n\n<p><strong>08.07.2022 r. \u2013 pi\u0105tek<\/strong><\/p>\n\n\n\n<p>Zbi\u00f3rka przy \u015bwietlicy wiejskiej w Wielopolu do godz. 6-tej<br>Wyjazd do Cz\u0119stochowy \u2013 godz. 6-ta<br>Msza \u015bw. w Kaplicy Cudownego Obrazu \u2013 godz. 11-ta<br>Zwiedzanie Jasnej G\u00f3ry z przewodnikiem \u2013 godz. 13-ta (ok. 1.5 godz.)<br>Wyjazd z Cz\u0119stochowy do Lichenia \u2013 godz. 15-ta<br>Zakwaterowanie w Domu Pielgrzyma \"ARKA\" \u2013 ok. godz.20-tej<br>W pi\u0105tek wy\u017cywienie we w\u0142asnym zakresie.<\/p>\n\n\n\n<p><strong>09.07.2022 r. \u2013 sobota<\/strong><\/p>\n\n\n\n<p>Msza \u015bw. w Bazylice Matki Bo\u017cej Bolesnej \u2013 godz. 6-ta<br>\u015aniadanie w DP\u201d Arka\u201d \u2013 godz. 7.15<br>Wyjazd do Lasku Gr\u0105bli\u0144skiego i zwiedzanie Sanktuarium w Licheniu \u2013 godz. 8.45 (3 godz.)<br>Obiad \u2013 godz. 13.30<br>Po obiedzie zwiedzanie kaplic w Bazylice i ogrod\u00f3w klasztornych.<br>Droga krzy\u017cowa na Golgot\u0119 \u2013 godz.16.30<br>Kolacja \u2013 godz. 18-ta<br>Apel Maryjny z procesj\u0105 ze \u015bwiat\u0142ami \u2013 godz. 20-21-a<br><\/p>\n\n\n\n<p><strong>10.07.2022 r. \u2013 niedziela<\/strong><\/p>\n\n\n\n<p>\u015aniadanie \u2013 godz. 7.00 Godz. 7.30 \u2013 wyjazd do Niepokalanowa do wsi Paprotnia gmina Teresin<br>Msza w Sanktuarium NMP Niepokalanej \u2013 godz. 11.30<br>Po mszy \u015bwi\u0119tej \u2013 zwiedzanie z przewodnikiem:<\/p>\n\n\n\n<ul class=\"wp-block-list\">\n<li>Muzeum O. M. Kolbego<\/li>\n\n\n\n<li>Panorama Tysi\u0105clecia<\/li>\n\n\n\n<li>Kaplica \u015bw. Maksymiliana<\/li>\n\n\n\n<li>obiado-kolacja \u2013 ok. godz. 15-tej<\/li>\n\n\n\n<li>Powr\u00f3t do Wielopola \u2013 przyjazd ok. godz. 22-ej<\/li>\n<\/ul>\n\n\n\n<p>Koordynatorem pielgrzymki jest \u2013 Gra\u017cyna Teresa Borkowska tel. 660 467 552<\/p>\n\n\n\n<p><strong>WA\u017bNE INFORMACJE!!!<\/strong><\/p>\n\n\n\n<ul class=\"wp-block-list\">\n<li>Zapisy do udzia\u0142u w pielgrzymce mo\u017cna zg\u0142asza\u0107 telefonicznie<\/li>\n\n\n\n<li>Ilo\u015b\u0107 uczestnik\u00f3w pielgrzymki jest ograniczona.<\/li>\n\n\n\n<li>Ka\u017cdy uczestnik wycieczki zostanie ubezpieczony.<\/li>\n\n\n\n<li>Osoby uprawnione do ulg w cenie bilet\u00f3w wst\u0119pu proszone s\u0105 o posiadanie przy sobie dokument\u00f3w uprawniaj\u0105cych do ulg.<\/li>\n<\/ul>\n\n\n\n<p>Koszt pielgrzymki wynosi:<\/p>\n\n\n\n<ul class=\"wp-block-list\">\n<li>410 z\u0142. od osoby doros\u0142ej,<\/li>\n\n\n\n<li>210 z\u0142. od cz\u0142onk\u00f3w\/senior\u00f3w KGW Wielopole,<\/li>\n\n\n\n<li>310 z\u0142. od senior\u00f3w i m\u0142odzie\u017cy szkolnej.<\/li>\n<\/ul>\n\n\n\n<p>Kwot\u0119 nale\u017cy wp\u0142aci\u0107 do dnia 15.06.2022 r. indywidualnie pani Teresie Borkowskiej.<\/p>\n","protected":false},"excerpt":{"rendered":"<p>Z przyjemno\u015bci\u0105 informujemy mieszka\u0144c\u00f3w, \u017ce Ko\u0142o Gospody\u0144 Wiejskich Wielopole organizuje 3 dniow\u0105 pielgrzymk\u0119 autokarow\u0105 do miejsc Maryjnych &#8222;Cz\u0119stochowa \u2013 Liche\u0144 \u2013 Niepokalan\u00f3w\u201d w dniach od 8-go do 10-go lipca 2022 r. Program pielgrzymki: Pierwszy dzie\u0144 (pi\u0105tek) Wyjazd z Wielopola do Cz\u0119stochowy, Jasna G\u00f3ra \u2013 sanktuarium wraz z klasztorem zakonu paulin\u00f3w w Cz\u0119stochowie, ze znajduj\u0105cym si\u0119 [&hellip;]<\/p>\n","protected":false},"author":1,"featured_media":390,"comment_status":"closed","ping_status":"open","sticky":false,"template":"","format":"standard","meta":{"footnotes":""},"categories":[4],"tags":[],"class_list":["post-389","post","type-post","status-publish","format-standard","has-post-thumbnail","hentry","category-aktualnosci"],"_links":{"self":[{"href":"https:\/\/www.wielopolesolectwo.pl\/index.php\/wp-json\/wp\/v2\/posts\/389","targetHints":{"allow":["GET"]}}],"collection":[{"href":"https:\/\/www.wielopolesolectwo.pl\/index.php\/wp-json\/wp\/v2\/posts"}],"about":[{"href":"https:\/\/www.wielopolesolectwo.pl\/index.php\/wp-json\/wp\/v2\/types\/post"}],"author":[{"embeddable":true,"href":"https:\/\/www.wielopolesolectwo.pl\/index.php\/wp-json\/wp\/v2\/users\/1"}],"replies":[{"embeddable":true,"href":"https:\/\/www.wielopolesolectwo.pl\/index.php\/wp-json\/wp\/v2\/comments?post=389"}],"version-history":[{"count":1,"href":"https:\/\/www.wielopolesolectwo.pl\/index.php\/wp-json\/wp\/v2\/posts\/389\/revisions"}],"predecessor-version":[{"id":391,"href":"https:\/\/www.wielopolesolectwo.pl\/index.php\/wp-json\/wp\/v2\/posts\/389\/revisions\/391"}],"wp:featuredmedia":[{"embeddable":true,"href":"https:\/\/www.wielopolesolectwo.pl\/index.php\/wp-json\/wp\/v2\/media\/390"}],"wp:attachment":[{"href":"https:\/\/www.wielopolesolectwo.pl\/index.php\/wp-json\/wp\/v2\/media?parent=389"}],"wp:term":[{"taxonomy":"category","embeddable":true,"href":"https:\/\/www.wielopolesolectwo.pl\/index.php\/wp-json\/wp\/v2\/categories?post=389"},{"taxonomy":"post_tag","embeddable":true,"href":"https:\/\/www.wielopolesolectwo.pl\/index.php\/wp-json\/wp\/v2\/tags?post=389"}],"curies":[{"name":"wp","href":"https:\/\/api.w.org\/{rel}","templated":true}]}}