{"id":394,"date":"2022-07-19T10:53:56","date_gmt":"2022-07-19T09:53:56","guid":{"rendered":"https:\/\/www.nowa.wielopolesolectwo.pl\/?p=394"},"modified":"2025-12-06T13:52:58","modified_gmt":"2025-12-06T12:52:58","slug":"pielgrzymka-do-miejsc-maryjnych-czestochowa-lichen-niepokalanow-2","status":"publish","type":"post","link":"https:\/\/www.wielopolesolectwo.pl\/index.php\/2022\/07\/19\/pielgrzymka-do-miejsc-maryjnych-czestochowa-lichen-niepokalanow-2\/","title":{"rendered":"Pielgrzymka do miejsc Maryjnych! &#8222;Cz\u0119stochowa \u2013 Liche\u0144 \u2013 Niepokalan\u00f3w&#8221;"},"content":{"rendered":"\n<p>W dniach od 8 do 10 lipca grupa senior\u00f3w z Gminy Che\u0142miec uczestniczy\u0142a w wycieczce pielgrzymce, odwiedzaj\u0105c miejsca wa\u017cne religijnie i historycznie dla ka\u017cdego Polaka. Trasa pielgrzymki pn.: \"Co\u015b dla cia\u0142a \u2013 co\u015b dla ducha\" przebiega\u0142a na trasie Cz\u0119stochowa \u2013 Liche\u0144 Stary \u2013 Niepokalan\u00f3w.<\/p>\n\n\n\n<p><strong>Wycieczk\u0119 zorganizowa\u0142o Ko\u0142o Gospody\u0144 Wiejskich Wielopole w Wielopolu.<\/strong><\/p>\n\n\n\n<p>W pierwszym dniu wycieczki udali\u015bmy si\u0119 do Sanktuarium Naj\u015bwi\u0119tszej Marii Panny na Jasnej G\u00f3rze, by tam w Kaplicy Cudownego Obrazu pok\u0142oni\u0107 si\u0119 Matce Bo\u017cej Cz\u0119stochowskiej. Nast\u0119pnie przewodnik przedstawi\u0142 nam historie Cudownego Obrazu Matki Bo\u017cej i zespo\u0142u klasztoru ojc\u00f3w paulin\u00f3w na Jasnej G\u00f3rze w Cz\u0119stochowie, kt\u00f3ry przez Prezydenta Rzeczypospolitej Polskiej w 1994 r. zosta\u0142 uznany za Pomnik Historii. Zwiedzili\u015bmy Skarbiec Pami\u0119ci Narodu Jasnej G\u00f3rze, Muzeum Papieskie, Bastion \u015bw. Barbary -Golgot\u0119 Wschodu, Bazylik\u0119 Jasnog\u00f3rsk\u0105 i Muzeum 600 - lecia Jasnej G\u00f3ry.<\/p>\n\n\n\n<p>Po drodze do Lichenia Starego wst\u0105pili\u015bmy do \"Ma\u0142ej Cz\u0119stochowy\" Sanktuarium Matki Bo\u017cej Uzdrowienia Chorych w Gidlach.Matka Bo\u017ca w Gidlach nazywana jest Uzdrowicielk\u0105 chorych i Lekark\u0105 cia\u0142a i duszy. Tutejsi bracia zakonni dominikanie opowiedzieli nam histori\u0119 Matki Bo\u017cej Gidelskiej o \u015bwiadectwach, m\u00f3wi\u0105cych o dokonanych dzi\u0119ki Jej wstawiennictwu cudownych uzdrowieniach, oraz o powstaniu tradycji \"K\u0105pi\u00f3\u0142ki\", czyli zanurzenie cudownej Figurki Matki Bo\u017cej Gidelskiej w po\u015bwi\u0119conym winie.<\/p>\n\n\n\n<p>Seniorzy \u2013 uczestnicy pielgrzymki wycieczki noclegi sp\u0119dzili w Domu Pielgrzyma \"Arka\" w Licheniu.<\/p>\n\n\n\n<p>W drugim dniu wycieczki zwiedzali\u015bmy i modlili\u015bmy si\u0119 w Sanktuarium w Licheniu. Podczas zwiedzania Bazyliki Naj\u015bwi\u0119tszej Maryi Panny Liche\u0144skiej, najwi\u0119kszej \u015bwi\u0105tyni w Polsce poznali\u015bmy m. in. histori\u0119 ma\u0142ego obrazka przedstawiaj\u0105cego wizerunek Matki Boskiej. Dzie\u0142o to powsta\u0142o w XVIII wieku, a jego autor jest anonimowy przedstawia Maryj\u0119 w z\u0142otej szacie na czerwonym tle. Matka Jezusa spogl\u0105da na or\u0142a znajduj\u0105cego si\u0119 na jej piersi. Dwa anio\u0142y zak\u0142adaj\u0105 jej na g\u0142ow\u0119 koron\u0119. Szata Maryi ozdobiona jest kolorowymi kamieniami. Kult Matki Bo\u017cej Liche\u0144skiej powsta\u0142 po licznych uzdrowieniach podczas epidemii cholery w 1852 r. 15 sierpnia 1967 r. prymas Polski kardyna\u0142 Stefan Wyszy\u0144ski w \u015bwi\u0119to Wniebowzi\u0119cia Matki Bo\u017cej dokona\u0142 aktu koronacji obrazu Matki Bo\u017cej Liche\u0144skiej, koronami przes\u0142anymi przez papie\u017ca Paw\u0142a VI, kt\u00f3ry nada\u0142 obrazowi tytu\u0142 Maryja - Bolesna Kr\u00f3lowa Polski.<\/p>\n\n\n\n<p>Nasi pielgrzymi Seniorzy odprawili drog\u0119 Krzy\u017cow\u0105 na liche\u0144skiej Golgocie - g\u00f3rze znajduj\u0105cej si\u0119 w centralnym miejscu sanktuarium. Ma 25 metr\u00f3w wysoko\u015bci i zbudowali j\u0105 z betonu i kamieni p\u0105tnicy. Sk\u0142ada si\u0119 z wielu kapliczek, korytarzy oraz rze\u017ab. Na szczycie zobaczy\u0107 mo\u017cna krzy\u017c oraz postacie Matki Bo\u017cej i \u015bw. Jana. Na trasie od do\u0142u g\u00f3ry, a\u017c do jej szczytu, rozmieszczone s\u0105 stacje Drogi Krzy\u017cowej.<\/p>\n\n\n\n<p>Parafi\u0105 liche\u0144sk\u0105 od 1949 roku opiekuje si\u0119 Zakon Zgromadzenia Ksi\u0119\u017cy Marian\u00f3w Niepokalanego Pocz\u0119cia Naj\u015bwi\u0119tszej Maryi Panny, kt\u00f3rego za\u0142o\u017cycielem w 1673 roku jest Stanis\u0142aw Papczy\u0144ski urodzony 18 maja 1631 r. w Podegrodziu k\/Nowego S\u0105cza.<\/p>\n\n\n\n<p>Na trzeci dzie\u0144 naszej wycieczki pielgrzymki przemie\u015bcili\u015bmy si\u0119 do miejsca za\u0142o\u017conego w 1927 roku przez o. Maksymiliana Kolbego tj. franciszka\u0144skiego klasztoru Niepokalanego Pocz\u0119cia NMP, zwanym powszechnie Niepokalanowem le\u017c\u0105cym na terenie wsi Paprotnia. Tutaj zwiedzili\u015bmy najwa\u017cniejszy obiekt Niepokalanowa bazylik\u0119 Naj\u015bwi\u0119tszej Marii Panny Niepokalanej Wszechpo\u015bredniczki \u0142ask, muzeum po\u015bwi\u0119cone osobie \u015bw. Maksymiliana Kolbego, Muzeum Po\u017carnictwa, Muzeum samochod\u00f3w papieskich, tak\u017ce Misterium M\u0119ki Pa\u0144skiej i Panorama Tysi\u0105clecia (historia Polski) \u2013 co\u015b w rodzaju teatrzyk\u00f3w, w kt\u00f3rych zamiast aktor\u00f3w \"wyst\u0119puj\u0105\" figurki podobne do tych jakie mo\u017cemy ogl\u0105da\u0107 w ruchomych szopkach.<\/p>\n\n\n\n<p>Do Wielopola wr\u00f3cili\u015bmy troch\u0119 zm\u0119czeni, ale zadowoleni. Warto by\u0142o odby\u0107 t\u0105 pielgrzymk\u0119, kt\u00f3ra przynios\u0142a wiele wra\u017ce\u0144 duchowych estetycznych i poznawczych.<\/p>\n\n\n\n<p>Relacj\u0119 z wycieczki pielgrzymki opracowali Gra\u017cyna Teresa Borkowska i Ryszard \u0141akomski<\/p>\n\n\n\n<p>Galeria zdj\u0119\u0107 <a href=\"https:\/\/photos.app.goo.gl\/YPUDR9vv37u71Pjq7\">tutaj<\/a>.<\/p>\n","protected":false},"excerpt":{"rendered":"<p>W dniach od 8 do 10 lipca grupa senior\u00f3w z Gminy Che\u0142miec uczestniczy\u0142a w wycieczce pielgrzymce, odwiedzaj\u0105c miejsca wa\u017cne religijnie i historycznie dla ka\u017cdego Polaka. Trasa pielgrzymki pn.: &#8222;Co\u015b dla cia\u0142a \u2013 co\u015b dla ducha&#8221; przebiega\u0142a na trasie Cz\u0119stochowa \u2013 Liche\u0144 Stary \u2013 Niepokalan\u00f3w. Wycieczk\u0119 zorganizowa\u0142o Ko\u0142o Gospody\u0144 Wiejskich Wielopole w Wielopolu. W pierwszym dniu [&hellip;]<\/p>\n","protected":false},"author":1,"featured_media":395,"comment_status":"closed","ping_status":"open","sticky":false,"template":"","format":"standard","meta":{"footnotes":""},"categories":[4],"tags":[],"class_list":["post-394","post","type-post","status-publish","format-standard","has-post-thumbnail","hentry","category-aktualnosci"],"_links":{"self":[{"href":"https:\/\/www.wielopolesolectwo.pl\/index.php\/wp-json\/wp\/v2\/posts\/394","targetHints":{"allow":["GET"]}}],"collection":[{"href":"https:\/\/www.wielopolesolectwo.pl\/index.php\/wp-json\/wp\/v2\/posts"}],"about":[{"href":"https:\/\/www.wielopolesolectwo.pl\/index.php\/wp-json\/wp\/v2\/types\/post"}],"author":[{"embeddable":true,"href":"https:\/\/www.wielopolesolectwo.pl\/index.php\/wp-json\/wp\/v2\/users\/1"}],"replies":[{"embeddable":true,"href":"https:\/\/www.wielopolesolectwo.pl\/index.php\/wp-json\/wp\/v2\/comments?post=394"}],"version-history":[{"count":1,"href":"https:\/\/www.wielopolesolectwo.pl\/index.php\/wp-json\/wp\/v2\/posts\/394\/revisions"}],"predecessor-version":[{"id":396,"href":"https:\/\/www.wielopolesolectwo.pl\/index.php\/wp-json\/wp\/v2\/posts\/394\/revisions\/396"}],"wp:featuredmedia":[{"embeddable":true,"href":"https:\/\/www.wielopolesolectwo.pl\/index.php\/wp-json\/wp\/v2\/media\/395"}],"wp:attachment":[{"href":"https:\/\/www.wielopolesolectwo.pl\/index.php\/wp-json\/wp\/v2\/media?parent=394"}],"wp:term":[{"taxonomy":"category","embeddable":true,"href":"https:\/\/www.wielopolesolectwo.pl\/index.php\/wp-json\/wp\/v2\/categories?post=394"},{"taxonomy":"post_tag","embeddable":true,"href":"https:\/\/www.wielopolesolectwo.pl\/index.php\/wp-json\/wp\/v2\/tags?post=394"}],"curies":[{"name":"wp","href":"https:\/\/api.w.org\/{rel}","templated":true}]}}