{"id":405,"date":"2022-08-12T11:20:10","date_gmt":"2022-08-12T10:20:10","guid":{"rendered":"https:\/\/www.nowa.wielopolesolectwo.pl\/?p=405"},"modified":"2025-12-06T13:57:08","modified_gmt":"2025-12-06T12:57:08","slug":"integracyjny-festyn-wielopolan-w-wielopolu","status":"publish","type":"post","link":"https:\/\/www.wielopolesolectwo.pl\/index.php\/2022\/08\/12\/integracyjny-festyn-wielopolan-w-wielopolu\/","title":{"rendered":"&#8222;Integracyjny Festyn Wielopolan&#8221; w Wielopolu"},"content":{"rendered":"\n<p>W sobotnie popo\u0142udnie i wiecz\u00f3r w Wielopolu w dniu 06.08.2022 r. odby\u0142 si\u0119 \"Integracyjny Festyn Wielopolan\", zorganizowany przez so\u0142tysa wsi Gra\u017cyn\u0119 Teres\u0119 Borkowsk\u0105, Rad\u0119 So\u0142eck\u0105, Ko\u0142o Gospody\u0144 Wiejskich Wielopole w Wielopolu oraz Prezesa Stowarzyszenia Rozwoju Wsi Wielopole pana Stefana Opalskiego. Na wsp\u00f3lne biesiadowanie przy muzyce i \u015bpiewie zespo\u0142u \"ALTO\" z Wielopola, przybyli seniorzy, rodziny z dzie\u0107mi z so\u0142ectwa Wielopole i Gminy Che\u0142miec i zaproszeni go\u015bcie tj.: W\u00f3jt Gminy Che\u0142miec Bernard Stawiarski, przewodnicz\u0105cy Rady Gminy Wies\u0142aw Szo\u0142drowski, Przewodnicz\u0105cy Gminnej Komisji Kultury w Che\u0142mcu Andrzej Tyrkiel, panie radne powiatu nowos\u0105deckiego: Joanna Stawiarska i Maria Barbara Szarota, Kap\u0142ani: ks. Pra\u0142at Kazimierz Starzec i Pra\u0142at Ryszard Mikos - proboszcz parafii NMPW w Wielog\u0142owach z ks. Damianem P\u0142aza, radni i so\u0142tysi gminy Che\u0142miec z radn\u0105 Aleksandr\u0105 Opalsk\u0105.<\/p>\n\n\n\n<p>Stoisko KGW Wielopole prezentowa\u0142o swoje swojskie jad\u0142o, kt\u00f3re by\u0142o serwowane podczas degustacji przy stoisku. Mo\u017cna by\u0142o skosztowa\u0107 podp\u0142omyki, chleb ze smalczykiem i kiszonym og\u00f3rkiem, chleb ze swojskim mas\u0142em, bia\u0142ym serem i ciasta na s\u0142odko. Hitem stoiska dla dzieci i m\u0142odzie\u017cy, jak r\u00f3wnie\u017c przypomnienie smaku doros\u0142ym tj. swojski chlebu\u015b ze \u015bmietan\u0105 i cukrem.<\/p>\n\n\n\n<p>Serwowano r\u00f3wnie\u017c z Food-traka (barobusu) gor\u0105ce dania: bigos, hot-dogi, kie\u0142bask\u0119 z grilla, karczek, kaszank\u0119 z kiszon\u0105 kapust\u0105 i boczkiem oraz zimne i gor\u0105ce napoje.<\/p>\n\n\n\n<p>Dla dzieci wielk\u0105 atrakcj\u0105 by\u0142y darmowe dmucha\u0144ce, skaka\u0144ce i zje\u017cd\u017calnie, animacje dla dzieci z konkursami i nagrodami, jazda na kucykach oraz popcorn, wata cukrowa i s\u0142odycze.<\/p>\n\n\n\n<p>W trakcie festynu powo\u0142ana komisja na czele z przewodnicz\u0105cym Gminnej Komisji Kultury Andrzejem Tyrklem, oceni\u0142a prace z konkursu dla dzieci i m\u0142odzie\u017cy \"Malujemy nasz\u0105 wie\u015b\". Prace wykonane by\u0142y dowoln\u0105 technik\u0105 malarsk\u0105.<\/p>\n\n\n\n<p>Dzieci otrzyma\u0142y bardzo ciekawe nagrody ufundowane przez:<\/p>\n\n\n\n<ul class=\"wp-block-list\">\n<li>Piekarni\u0119 T\u0119goborze \u2013 Zak\u0142ad Piekarski GRZYB sp. Jawna, Ciastkarnia i Lody T\u0119goborze<\/li>\n\n\n\n<li>W\u00f3jta Gminy Che\u0142miec<\/li>\n\n\n\n<li>Gminny O\u015brodek Kultury w Che\u0142mcu<\/li>\n\n\n\n<li>LGD \"Korona S\u0105decka\"<\/li>\n<\/ul>\n\n\n\n<p>Mi\u0142o nam poinformowa\u0107, \u017ce sponsorami spotkania - \"Integracyjnego Festynu Wielopolan\" byli: Urz\u0105d Gminy Che\u0142miec, LGD \"Korona Sadecka\", Zak\u0142ad Piekarski GRZYB sp. Jawna - Ciastkarnia i lody T\u0119goborze, Piekarnia NIKA \u2013J\u00f3zef Nika, w\u0142a\u015bciciel Zajazdu \"Z\u0142oty R\u00f3g\" i \"Siwy Brzeg\" S\u0142awomir Kalisz, Firma Szubryt p. Zbigniew Szubryt, Firma \"Bracia Koral\" z zarz\u0105dem na czele, Gminna Rada Senior\u00f3w przy W\u00f3jcie Gminy Che\u0142miec, w\u0142a\u015bcicielka ciastkarni \"zAnka\"- pani Anna Zi\u00f3\u0142kowska, Dom Weselny \"Lotos\" \u2013 pan Daniel Potoczek, Firma \"Bram-Hat\" \u2013 pan Jan i Adrian Hat z rodzinami, radna powiatu nowos\u0105deckiego \u2013 pani Maria Barbara Szarota, w\u0142a\u015bciciel \"Komory Normobarycznej\" \u2013 pan Stanis\u0142aw Fa\u0142owski i inni.<\/p>\n\n\n\n<p>Wszystkim sponsorom za okazane serce i dobro\u0107, jeszcze raz wielkie \u2013 DZI\u0118KUJEMY!<\/p>\n\n\n\n<p>Szczeg\u00f3lnie pragn\u0119 w imieniu w\u0142asnym i so\u0142ectwa podzi\u0119kowa\u0107 w\u0142a\u015bcicielowi terenu, na kt\u00f3rym si\u0119 bawili\u015bmy i wszelak\u0105 okazan\u0105 pomoc - panu Antoniemu Janikowi i jego rodzinie oraz osobom kt\u00f3re wykona\u0142y ogrom pracy, aby festyn m\u00f3g\u0142 odby\u0107 si\u0119 na takim poziomie.<\/p>\n\n\n\n<p>Relacj\u0119 z \"Integracyjnego Festynu Wielopolan\" opracowa\u0142a \u2013 G.T.Borkowska<\/p>\n\n\n\n<p><a href=\"https:\/\/photos.app.goo.gl\/T3p6z95PnzUCGYoN8\">Relacja fotograficzna \u2013 pana Stefana Opalskiego.<\/a><\/p>\n","protected":false},"excerpt":{"rendered":"<p>W sobotnie popo\u0142udnie i wiecz\u00f3r w Wielopolu w dniu 06.08.2022 r. odby\u0142 si\u0119 &#8222;Integracyjny Festyn Wielopolan&#8221;, zorganizowany przez so\u0142tysa wsi Gra\u017cyn\u0119 Teres\u0119 Borkowsk\u0105, Rad\u0119 So\u0142eck\u0105, Ko\u0142o Gospody\u0144 Wiejskich Wielopole w Wielopolu oraz Prezesa Stowarzyszenia Rozwoju Wsi Wielopole pana Stefana Opalskiego. Na wsp\u00f3lne biesiadowanie przy muzyce i \u015bpiewie zespo\u0142u &#8222;ALTO&#8221; z Wielopola, przybyli seniorzy, rodziny z [&hellip;]<\/p>\n","protected":false},"author":1,"featured_media":406,"comment_status":"closed","ping_status":"open","sticky":false,"template":"","format":"standard","meta":{"footnotes":""},"categories":[4],"tags":[],"class_list":["post-405","post","type-post","status-publish","format-standard","has-post-thumbnail","hentry","category-aktualnosci"],"_links":{"self":[{"href":"https:\/\/www.wielopolesolectwo.pl\/index.php\/wp-json\/wp\/v2\/posts\/405","targetHints":{"allow":["GET"]}}],"collection":[{"href":"https:\/\/www.wielopolesolectwo.pl\/index.php\/wp-json\/wp\/v2\/posts"}],"about":[{"href":"https:\/\/www.wielopolesolectwo.pl\/index.php\/wp-json\/wp\/v2\/types\/post"}],"author":[{"embeddable":true,"href":"https:\/\/www.wielopolesolectwo.pl\/index.php\/wp-json\/wp\/v2\/users\/1"}],"replies":[{"embeddable":true,"href":"https:\/\/www.wielopolesolectwo.pl\/index.php\/wp-json\/wp\/v2\/comments?post=405"}],"version-history":[{"count":1,"href":"https:\/\/www.wielopolesolectwo.pl\/index.php\/wp-json\/wp\/v2\/posts\/405\/revisions"}],"predecessor-version":[{"id":407,"href":"https:\/\/www.wielopolesolectwo.pl\/index.php\/wp-json\/wp\/v2\/posts\/405\/revisions\/407"}],"wp:featuredmedia":[{"embeddable":true,"href":"https:\/\/www.wielopolesolectwo.pl\/index.php\/wp-json\/wp\/v2\/media\/406"}],"wp:attachment":[{"href":"https:\/\/www.wielopolesolectwo.pl\/index.php\/wp-json\/wp\/v2\/media?parent=405"}],"wp:term":[{"taxonomy":"category","embeddable":true,"href":"https:\/\/www.wielopolesolectwo.pl\/index.php\/wp-json\/wp\/v2\/categories?post=405"},{"taxonomy":"post_tag","embeddable":true,"href":"https:\/\/www.wielopolesolectwo.pl\/index.php\/wp-json\/wp\/v2\/tags?post=405"}],"curies":[{"name":"wp","href":"https:\/\/api.w.org\/{rel}","templated":true}]}}