{"id":408,"date":"2022-08-31T11:21:33","date_gmt":"2022-08-31T10:21:33","guid":{"rendered":"https:\/\/www.nowa.wielopolesolectwo.pl\/?p=408"},"modified":"2025-12-06T13:57:25","modified_gmt":"2025-12-06T12:57:25","slug":"ziemia-swietokrzyska-historia-religia-geologia-zaproszenie-na-wycieczke","status":"publish","type":"post","link":"https:\/\/www.wielopolesolectwo.pl\/index.php\/2022\/08\/31\/ziemia-swietokrzyska-historia-religia-geologia-zaproszenie-na-wycieczke\/","title":{"rendered":"Ziemia \u015bwi\u0119tokrzyska \u2013 historia, religia, geologia &#8211; zaproszenie na wycieczk\u0119"},"content":{"rendered":"\n<p>Z przyjemno\u015bci\u0105 informujemy wszystkich mieszka\u0144c\u00f3w gminy Che\u0142miec, \u017ce nasze Stowarzyszenie w ramach zadania publicznego wspieranego przez Gmin\u0119 Che\u0142miec: \"Kultura, ochrona d\u00f3br kultury i zachowanie tradycji regionalnych poprzez: upami\u0119tnianie miejsc pami\u0119ci narodowej oraz piel\u0119gnowanie polsko\u015bci i tradycji narodowej\u201d og\u0142asza nab\u00f3r uczestnik\u00f3w w dwudniowej wycieczki pn. <strong>\"Ziemia \u015bwi\u0119tokrzyska \u2013 historia, religia, geologia\",<\/strong> kt\u00f3ra odb\u0119dzie si\u0119 w dniach <strong>10.09.2022 \u2013 11.09.2022 r.<\/strong> Program Wycieczki historycznej i krajoznawczej pn.: \"Ziemia \u015bwi\u0119tokrzyska \u2013 historia, religia, geologia\"<\/p>\n\n\n\n<p>W ramach naszej wycieczki planuje si\u0119 zwiedzanie:<\/p>\n\n\n\n<p><strong>Dzie\u0144 I<\/strong><\/p>\n\n\n\n<ul class=\"wp-block-list\">\n<li>Muzeum im. Przypkowskich w J\u0119drzejowie \u2013 muzeum specjalizuj\u0105ce si\u0119 g\u0142\u00f3wnie w prezentacji zegar\u00f3w s\u0142onecznych i przyrz\u0105d\u00f3w astronomicznych. Muzeum powsta\u0142o w oparciu o prywatn\u0105 kolekcj\u0119 lekarza z J\u0119drzejowa Feliksa Przypkowskiego, kt\u00f3ry od 1895 roku gromadzi\u0142 zabytkowe zegary s\u0142oneczne, a tak\u017ce literatur\u0119 i inne materia\u0142y po\u015bwi\u0119cone gnomonice. Muzeum posiada szereg bardzo zr\u00f3\u017cnicowanych tematycznie dzia\u0142\u00f3w. G\u0142\u00f3wny dzia\u0142 obejmuje zegary s\u0142oneczne i inne typy zegar\u00f3w od XVI do XX wieku (np. zegary wodne, klepsydry, \u015bwiece zegarowe), w tym wiele dzie\u0142 o wielkiej warto\u015bci artystycznej, pochodz\u0105cych z najlepszych warsztat\u00f3w Europy. Do najciekawszych eksponat\u00f3w zalicza si\u0119 np.: zegar s\u0142oneczny z armatk\u0105 strzelaj\u0105c\u0105 w po\u0142udnie wykonany w Pary\u017cu dla kr\u00f3la Stanis\u0142awa Leszczy\u0144skiego, zegar s\u0142oneczny z XVI wieku wykonany przez Erazma Habermela, XVII\u2013wieczn\u0105 klepsydr\u0119 wodn\u0105 wykonan\u0105 z majoliki. Uzupe\u0142nieniem tych zbior\u00f3w jest kolekcja przyrz\u0105d\u00f3w astronomicznych i ksi\u0105g po\u015bwi\u0119conych astronomii i gnomonice. Kolekcja zegar\u00f3w w J\u0119drzejowie zajmuje trzecie miejsce w \u015bwiecie pod wzgl\u0119dem liczebno\u015bci i warto\u015bci eksponat\u00f3w, po Planetarium w Chicago i Science Museum w Oksfordzie.<\/li>\n\n\n\n<li>Jaskinia Raj - jest t jaskini\u0105 krasow\u0105 rozwini\u0119t\u0105 w wapieniach. Wyr\u00f3\u017cnia si\u0119 w\u015br\u00f3d polskich jaski\u0144 bogat\u0105 i dobrze zachowan\u0105 szat\u0105 naciekow\u0105. Nale\u017cy do nielicznych w kraju jaski\u0144 o\u015bwietlonych elektrycznie. Korytarze jaskini wytworzone zosta\u0142y w wapieniach \u015brodkowego dewonu, kt\u00f3re ok. 360 milion\u00f3w lat temu powsta\u0142y na dnie p\u0142ytkiego morza.<\/li>\n\n\n\n<li>Zamek w Ch\u0119cinach - Zamek Kr\u00f3lewski w Ch\u0119cinach powsta\u0142 na prze\u0142omie XIII i XIV w. na wzniesieniu (360 m n.p.m.). Pe\u0142ni\u0142 rol\u0119 o\u015brodka administracyjnego i sta\u0142 si\u0119 siedzib\u0105 starost\u00f3w grodowych i stolic\u0105 powiatu. Pe\u0142ni\u0142 r\u00f3wnie\u017c funkcje rezydencji kr\u00f3lowych, go\u015bci\u0142 drug\u0105 \u017con\u0119 Kazimierza Wielkiego, ksi\u0119\u017cniczk\u0119 hesk\u0105 Adelajd\u0119, El\u017cbieta \u0141okietk\u00f3wna, sprawuj\u0105c\u0105 rz\u0105dy za ma\u0142oletniego syna Ludwika, Zofi\u0119, ma\u0142\u017conk\u0119 kr\u00f3la W\u0142adys\u0142awa Jagie\u0142\u0142y oraz kr\u00f3low\u0105 Bon\u0119, kt\u00f3ra zatrzyma\u0142a si\u0119 tu podczas swojej podr\u00f3\u017cy do Bari).<\/li>\n\n\n\n<li>Pa\u0142ac Biskup\u00f3w Krakowskich Jest to jedna z najwspanialszych i najlepiej zachowanych rezydencji z epoki Waz\u00f3w. W pa\u0142acu znajduj\u0105 si\u0119 oryginalne wn\u0119trza z XVII i XVIII w. z unikatowymi elementami wystroju architektonicznego. W apartamentach mieszkalnych i go\u015bcinnych wyeksponowano wyroby rzemios\u0142a artystycznego najwy\u017cszej klasy europejskiej: tkaniny (m.in. tapiserie flamandzkie i francuskie), meble (np. gda\u0144skie szafy i pras\u0119 do obrus\u00f3w, zestaw renesansowych mebli w\u0142oskich). Ekspozycj\u0119 uzupe\u0142nia XVII-wieczne malarstwo francuskie, w\u0142oskie i polskie.<\/li>\n<\/ul>\n\n\n\n<p><strong>Dzie\u0144 II<\/strong><\/p>\n\n\n\n<ul class=\"wp-block-list\">\n<li>\u015aw. Krzy\u017c: \u015awi\u0119ty Krzy\u017c to wielkie polskie sanktuarium odwiedzane przez oko\u0142o 200 tysi\u0119cy pielgrzym\u00f3w i turyst\u00f3w w Polsce, w kt\u00f3rym mieszkali kiedy\u015b Benedyktyni. Dzi\u015b zajmuj\u0105 ich miejsce Misjonarze Oblaci Maryi Niepokalanej: Ko\u015bci\u00f3\u0142 Roma\u0144ski, niewielki ko\u015bcio\u0142ek, Kaplica Ole\u015bnickich - cenny zabytek wczesnego baroku zbudowany na zr\u0119bie starego kapitularza. W pierwszym okresie s\u0142u\u017cy\u0142a jako kaplica grobowa rodu Ole\u015bnickich. W 1723 roku przeniesiono do niej Relikwie. Najwa\u017cniejsze miejsce w kaplicy zajmuj\u0105 Relikwie, kt\u00f3rych historie opowiadaj\u0105 malowid\u0142a na \u015bcianach kaplicy. Uwag\u0119 przykuwa r\u00f3wnie\u017c freski szko\u0142y w\u0142oskiej w kopule. Krypta Jeremiego Wi\u015bniowieckiego Spoczywaj\u0105 tu benedyktyni, kt\u00f3rzy zamieszkiwali \u015awi\u0119ty Krzy\u017c od 1776 r. a\u017c do kasaty opactwa w 1819 r. Znajduj\u0105 si\u0119 tam zmumifikowane zw\u0142oki ksi\u0119cia Jeremiego Wi\u015bniowieckiego. Muzeum misyjne ksi\u0119\u017cy Oblat\u00f3w, osta\u0142o otwarte w 1977 roku. Zgromadzone eksponaty pochodz\u0105 z ca\u0142ego \u015bwiata, g\u0142\u00f3wnie z kraj\u00f3w gdzie pos\u0142uguj\u0105 oblaci. Jedne z najbardziej cennych i najciekawszych eksponat\u00f3w to wyroby z ko\u015bci s\u0142oniowej, afryka\u0144ska srebrna bi\u017cuteria, przedmioty wykonane we sk\u00f3r w\u0119\u017c\u00f3w boa i pytona, a tak\u017ce liczne eksponaty z P\u00f3\u0142nocnej Kanady. W\u015br\u00f3d eksponat\u00f3w znalaz\u0142y si\u0119 m.in. z\u0105b hipopotama, nakrycie g\u0142owy z Lesoto i Turkmenistanu, figurki hebanowe oraz wiele innych ciekawych pami\u0105tek misyjnych<\/li>\n\n\n\n<li>Go\u0142oborza - Na \u0141ysej G\u00f3rze powsta\u0142o najwi\u0119ksze w G\u00f3rach \u015awi\u0119tokrzyskich i jedno z najwi\u0119kszych w \u015bredniog\u00f3rzu \u015arodkowej Europy pole nagiej pokrywy blokowej. Go\u0142oborze to nosi imi\u0119 znanego botanika prof. R. Kobendzy i zajmuje 3,84 ha powierzchni.<\/li>\n\n\n\n<li>Muzeum przyrodnicze \u015awi\u0119tokrzyskiego Parku Narodowego. Na ekspozycj\u0119 muzealn\u0105 sk\u0142adaj\u0105 si\u0119 eksponaty zwi\u0105zane z terenem G\u00f3r \u015awi\u0119tokrzystkich i obejmuj\u0105ce ich faun\u0119 i flor\u0119 (tak\u017ce t\u0119 prehistoryczn\u0105), geologi\u0119, hydrologi\u0119, klimat oraz zagadnienia ochrony \u015brodowiska. Zaprezentowana jest r\u00f3wnie\u017c historia osadnictwa ludzkiego na tych terenach oraz rozwoju przemys\u0142u, w szczeg\u00f3lno\u015bci hutnictwa \u017celaza i szk\u0142a.<\/li>\n<\/ul>\n\n\n\n<p><strong>Harmonogram wycieczki \"Ziemia \u015bwi\u0119tokrzyska \u2013 historia, religia, geologia\" Trasa: Wielopole \u2013Tarn\u00f3w \u2013 Ch\u0119ciny Kielce \u2013 \u015aw. Krzy\u017c<\/strong><\/p>\n\n\n\n<p><strong>Dzie\u0144 I (10.09.2022)<\/strong><\/p>\n\n\n\n<ol class=\"wp-block-list\">\n<li>Zbi\u00f3rka pod \u015bwietlic\u0105 o godz. 6.00<\/li>\n\n\n\n<li>Muzeum Zegar\u00f3w w J\u0119drzejowie<\/li>\n\n\n\n<li>Jaskinia Raj<\/li>\n\n\n\n<li>zamek w Ch\u0119cinach<\/li>\n\n\n\n<li>Kielce \u2013 Pa\u0142ac Biskup\u00f3w Krakowskich<\/li>\n\n\n\n<li>obiadokolacja, nocleg<\/li>\n<\/ol>\n\n\n\n<p><strong>Dzie\u0144 II (11.09.2022)<\/strong><\/p>\n\n\n\n<p>\u015bniadanie<\/p>\n\n\n\n<ol class=\"wp-block-list\">\n<li>\u015aw. Krzy\u017c \u2013 Sanktuarium, kaplica \u015bw. Krzy\u017ca - krypta Wi\u015bniowieckiego,<\/li>\n\n\n\n<li>muzeum misyjne ksi\u0119\u017cy Oblat\u00f3w,<\/li>\n\n\n\n<li>go\u0142obrza<\/li>\n\n\n\n<li>muzeum przyrodnicze \u015awi\u0119tokrzyskiego Parku Narodowego<\/li>\n\n\n\n<li>obiad<\/li>\n\n\n\n<li>Powr\u00f3t do Wielopola w godz. wieczornych.<\/li>\n<\/ol>\n\n\n\n<p>Dodatkowo informacji mog\u0105 udzieli\u0107:<br>Kierownikiem wycieczki b\u0119dzie p. Ryszard \u0141akomski, tel. 601 547 566<br>Koordynatorem projektu jest p. Stefan Opalski, tel. 608 130 035<\/p>\n\n\n\n<p><strong>WA\u017bNE INFORMACJE!!!<\/strong><\/p>\n\n\n\n<ul class=\"wp-block-list\">\n<li>Zpisy do udzia\u0142u w wycieczce mo\u017cna zg\u0142asza\u0107 telefonicznie, mailem lub osobi\u015bcie do dnia 08.09.2022 r.<\/li>\n\n\n\n<li>Ilo\u015b\u0107 uczestnik\u00f3w wycieczki jest ograniczona<\/li>\n\n\n\n<li>Ka\u017cdy uczestnik wycieczki zostanie ubezpieczony.<\/li>\n\n\n\n<li>Dop\u0142ata do wycieczki wynosi:<ul><li><strong>370 z\u0142<\/strong> (trzysta siedemdziesi\u0105t) od osoby doros\u0142ej nie b\u0119d\u0105cej cz\u0142onkiem Stowarzyszenia Rozwoju So\u0142ectwa Wielopole.<\/li><li><strong>320 z\u0142<\/strong> (trzysta dwadzie\u015bcia ) od m\u0142odzie\u017cy szkolnej i cz\u0142onk\u00f3w Stowarzyszenia<\/li><\/ul>Kwot\u0119, kt\u00f3r\u0105 nale\u017cy wp\u0142aci\u0107 na konto Stowarzyszenia: <strong>\u0141\u0105cki Bank Sp\u00f3\u0142dzielczy, 46 8805 0009 0045 0472 2000 0010 do dnia 08.09.2022 r.,<\/strong> lub indywidualnie wp\u0142aty przyjmuje Ryszard \u0141akomski.<br>Przed podj\u0119ciem decyzji o udziale w wycieczce prosz\u0119 zaznajomi\u0107 si\u0119 z:<\/li>\n\n\n\n<li><a href=\"https:\/\/www.wielopolesolectwo.pl\/other\/regulamin_swietokrzyskie.pdf\">Regulaminem wycieczek<\/a> oraz<\/li>\n\n\n\n<li>Wype\u0142ni\u0107 <a href=\"https:\/\/www.wielopolesolectwo.pl\/other\/formularz_swietokrzyskie.pdf\">formularz zg\u0142oszeniowy,<\/a><\/li>\n\n\n\n<li>Wype\u0142ni\u0107 <a href=\"https:\/\/www.wielopolesolectwo.pl\/other\/oswiadczenie_swietokrzyskie.pdf\">o\u015bwiadczenie o zgodzie na przetwarzanie danych osobowych.<\/a><\/li>\n<\/ul>\n\n\n\n<p>Dokumenty te powinny by\u0107 wype\u0142nione przez uczestnik\u00f3w wycieczki do dnia <strong>08.09.2022 r.<\/strong> i dostarczone do Ryszarda \u0141akomskiego.<\/p>\n\n\n\n<p>Uczestnicy wycieczki winni zabra\u0107 ze sob\u0105 dowody to\u017csamo\u015bci oraz dokumenty uprawniaj\u0105ce ich do ulg i zni\u017cek na bilety wst\u0119pu (emeryci, renci\u015bci, m\u0142odzie\u017c szkolna, studenci itp...)<\/p>\n","protected":false},"excerpt":{"rendered":"<p>Z przyjemno\u015bci\u0105 informujemy wszystkich mieszka\u0144c\u00f3w gminy Che\u0142miec, \u017ce nasze Stowarzyszenie w ramach zadania publicznego wspieranego przez Gmin\u0119 Che\u0142miec: &#8222;Kultura, ochrona d\u00f3br kultury i zachowanie tradycji regionalnych poprzez: upami\u0119tnianie miejsc pami\u0119ci narodowej oraz piel\u0119gnowanie polsko\u015bci i tradycji narodowej\u201d og\u0142asza nab\u00f3r uczestnik\u00f3w w dwudniowej wycieczki pn. &#8222;Ziemia \u015bwi\u0119tokrzyska \u2013 historia, religia, geologia&#8221;, kt\u00f3ra odb\u0119dzie si\u0119 w dniach [&hellip;]<\/p>\n","protected":false},"author":1,"featured_media":409,"comment_status":"closed","ping_status":"open","sticky":false,"template":"","format":"standard","meta":{"footnotes":""},"categories":[4],"tags":[],"class_list":["post-408","post","type-post","status-publish","format-standard","has-post-thumbnail","hentry","category-aktualnosci"],"_links":{"self":[{"href":"https:\/\/www.wielopolesolectwo.pl\/index.php\/wp-json\/wp\/v2\/posts\/408","targetHints":{"allow":["GET"]}}],"collection":[{"href":"https:\/\/www.wielopolesolectwo.pl\/index.php\/wp-json\/wp\/v2\/posts"}],"about":[{"href":"https:\/\/www.wielopolesolectwo.pl\/index.php\/wp-json\/wp\/v2\/types\/post"}],"author":[{"embeddable":true,"href":"https:\/\/www.wielopolesolectwo.pl\/index.php\/wp-json\/wp\/v2\/users\/1"}],"replies":[{"embeddable":true,"href":"https:\/\/www.wielopolesolectwo.pl\/index.php\/wp-json\/wp\/v2\/comments?post=408"}],"version-history":[{"count":1,"href":"https:\/\/www.wielopolesolectwo.pl\/index.php\/wp-json\/wp\/v2\/posts\/408\/revisions"}],"predecessor-version":[{"id":410,"href":"https:\/\/www.wielopolesolectwo.pl\/index.php\/wp-json\/wp\/v2\/posts\/408\/revisions\/410"}],"wp:featuredmedia":[{"embeddable":true,"href":"https:\/\/www.wielopolesolectwo.pl\/index.php\/wp-json\/wp\/v2\/media\/409"}],"wp:attachment":[{"href":"https:\/\/www.wielopolesolectwo.pl\/index.php\/wp-json\/wp\/v2\/media?parent=408"}],"wp:term":[{"taxonomy":"category","embeddable":true,"href":"https:\/\/www.wielopolesolectwo.pl\/index.php\/wp-json\/wp\/v2\/categories?post=408"},{"taxonomy":"post_tag","embeddable":true,"href":"https:\/\/www.wielopolesolectwo.pl\/index.php\/wp-json\/wp\/v2\/tags?post=408"}],"curies":[{"name":"wp","href":"https:\/\/api.w.org\/{rel}","templated":true}]}}