{"id":411,"date":"2022-09-14T11:23:17","date_gmt":"2022-09-14T10:23:17","guid":{"rendered":"https:\/\/www.nowa.wielopolesolectwo.pl\/?p=411"},"modified":"2025-12-06T13:57:44","modified_gmt":"2025-12-06T12:57:44","slug":"ziemia-swietokrzyska-historia-religia-geologia-relacja-z-wycieczki","status":"publish","type":"post","link":"https:\/\/www.wielopolesolectwo.pl\/index.php\/2022\/09\/14\/ziemia-swietokrzyska-historia-religia-geologia-relacja-z-wycieczki\/","title":{"rendered":"Ziemia \u015bwi\u0119tokrzyska \u2013 historia, religia, geologia &#8211; relacja z wycieczki"},"content":{"rendered":"\n<p>Stowarzyszenie Rozwoju So\u0142ectwa Wielopole w dniach 10 -11.09.2022 r. w ramach zadania publicznego wspieranego przez Gmin\u0119 Che\u0142miec: \"Kultura, ochrona d\u00f3br kultury i zachowanie tradycji regionalnych poprzez: upami\u0119tnianie miejsc pami\u0119ci narodowej oraz piel\u0119gnowanie polsko\u015bci i tradycji narodowej\u201d dla mieszka\u0144c\u00f3w Gminy Che\u0142miec zorganizowa\u0142o dwudniow\u0105 wycieczk\u0119 pn. \"Ziemia \u015bwi\u0119tokrzyska \u2013 historia, religia, geologia\".<\/p>\n\n\n\n<p><strong>W pierwszym dniu naszej eskapady zwiedzili\u015bmy:<\/strong><\/p>\n\n\n\n<ul class=\"wp-block-list\">\n<li>Muzeum im. Przypkowskich w J\u0119drzejowie \u2013specjalizuj\u0105ce si\u0119 g\u0142\u00f3wnie w prezentacji zegar\u00f3w s\u0142onecznych i przyrz\u0105d\u00f3w astronomicznych. Muzeum powsta\u0142o w oparciu o prywatn\u0105 kolekcj\u0119 lekarza z J\u0119drzejowa Feliksa Przypkowskiego. W muzeum znajduj\u0105 si\u0119 zegary s\u0142oneczne i inne typy zegar\u00f3w od XVI do XX wieku Do najciekawszych eksponat\u00f3w zalicza si\u0119 np.: zegar s\u0142oneczny z armatk\u0105 strzelaj\u0105c\u0105 w po\u0142udnie wykonany w Pary\u017cu dla kr\u00f3la Stanis\u0142awa Leszczy\u0144skiego, zegar s\u0142oneczny z XVI wieku wykonany przez Erazma Habermela, XVII\u2013wieczn\u0105 klepsydr\u0119 wodn\u0105 wykonan\u0105 z majoliki... Kolekcja zegar\u00f3w w J\u0119drzejowie zajmuje trzecie miejsce w \u015bwiecie pod wzgl\u0119dem liczebno\u015bci i warto\u015bci eksponat\u00f3w, po Planetarium w Chicago i Science Museum w Oksfordzie.<\/li>\n\n\n\n<li>Zamek Kr\u00f3lewski w Ch\u0119cinach, kt\u00f3ry powsta\u0142 na prze\u0142omie XIII i XIV w. i pe\u0142ni\u0142 rol\u0119 o\u015brodka administracyjnego i sta\u0142 si\u0119 siedzib\u0105 starost\u00f3w grodowych i stolic\u0105 powiatu. Pe\u0142ni\u0142 r\u00f3wnie\u017c funkcje rezydencji kr\u00f3lowych, go\u015bci\u0142 drug\u0105 \u017con\u0119 Kazimierza Wielkiego, ksi\u0119\u017cniczk\u0119 hesk\u0105 Adelajd\u0119, El\u017cbieta \u0141okietk\u00f3wna, sprawuj\u0105c\u0105 rz\u0105dy za ma\u0142oletniego syna Ludwika, Zofi\u0119, ma\u0142\u017conk\u0119 kr\u00f3la W\u0142adys\u0142awa Jagie\u0142\u0142y oraz kr\u00f3low\u0105 Bon\u0119, kt\u00f3ra zatrzyma\u0142a si\u0119 tu podczas swojej podr\u00f3\u017cy do Bari).<\/li>\n\n\n\n<li>Jaskini\u0119 Raj, kt\u00f3ra wyr\u00f3\u017cnia si\u0119 w\u015br\u00f3d polskich jaski\u0144 bogat\u0105 i dobrze zachowan\u0105 szat\u0105 naciekow\u0105. Nale\u017cy do nielicznych w kraju jaski\u0144 o\u015bwietlonych elektrycznie. Korytarze jaskini wytworzone zosta\u0142y w wapieniach \u015brodkowego dewonu, kt\u00f3re ok. 360 milion\u00f3w lat temu powsta\u0142y na dnie p\u0142ytkiego morza.<\/li>\n\n\n\n<li>Pa\u0142ac Biskup\u00f3w Krakowskich w Kielcach - najwspanialsza i najlepiej zachowanych rezydencja z epoki Waz\u00f3w. W pa\u0142acu znajduj\u0105 si\u0119 oryginalne wn\u0119trza z XVII i XVIII w. z unikatowymi elementami wystroju architektonicznego. W apartamentach mieszkalnych i go\u015bcinnych ogl\u0105dali\u015bmy wyroby rzemios\u0142a artystycznego najwy\u017cszej klasy europejskiej: tkaniny (m.in. tapiserie flamandzkie i francuskie), meble (np. gda\u0144skie szafy i pras\u0119 do obrus\u00f3w, zestaw renesansowych mebli w\u0142oskich). Ekspozycj\u0119 uzupe\u0142nia XVII-wieczne malarstwo francuskie, w\u0142oskie i polskie.<\/li>\n<\/ul>\n\n\n\n<p>Wiecz\u00f3r sp\u0119dzili\u015bmy w przytulnym o\u015brodku wypoczynkowym w Kaczynie w utworzonej przez nas strefie kibica na szale\u0144czym dopingu dla reprezentacji Polski podczas meczu p\u00f3\u0142fina\u0142owego o mistrzostwo \u015bwiata w pi\u0142ce siatkowej.<\/p>\n\n\n\n<p><strong>W nast\u0119pnym dniu udali\u015bmy pieszo przez Puszcz\u0119 Jod\u0142ow\u0105 na:<\/strong><\/p>\n\n\n\n<ul class=\"wp-block-list\">\n<li>G\u00f3r\u0119 \u0141ysiec gdzie znajduje si\u0119 wielkie, najstarsze polskie \u015awi\u0119tokrzyskie Sanktuarium Relikwii Drzewa Krzy\u017ca \u015awi\u0119tego. Zapoznali\u015bmy si\u0119 histori\u0105 tego wybitnego dla Polski miejsca. Po publicznym przywitaniu naszej grupy przed forum pielgrzym\u00f3w znajduj\u0105cych si\u0119 w Katedrze przez O. Superiora Mariana Pucha\u0142\u0119 OMI, uczestniczyli\u015bmy w Mszy \u015awi\u0119tej rozpoczynaj\u0105cej uroczysto\u015bci odpustowe w tym najstarszym polskim sanktuarium, kt\u00f3r\u0105 sprawowa\u0142 arcybiskup Stanis\u0142aw G\u0105decki - przewodnicz\u0105cy Konferencji Episkopatu Polski i zostali\u015bmy pob\u0142ogos\u0142awieni najwybitniejszymi Relikwiami znajduj\u0105cymi si\u0119 w Polsce - relikwiami Drzewa Krzy\u017ca \u015awi\u0119tego ...<\/li>\n\n\n\n<li>Po uczcie religijnej udali\u015bmy si\u0119 do krypty, w kt\u00f3rej znajduj\u0105 si\u0119 zmumifikowane zw\u0142oki ksi\u0119cia Jeremiego Wi\u015bniowieckiego i spoczywaj\u0105 tam benedyktyni, kt\u00f3rzy zamieszkiwali \u015awi\u0119ty Krzy\u017c od 1776 r. a\u017c do kasaty opactwa w 1819 r.<\/li>\n\n\n\n<li>Nast\u0119pnie zwiedzili\u015bmy Muzeum przyrodnicze \u015awi\u0119tokrzyskiego Parku Narodowego, gdzie podziwiali\u015bmy eksponaty zwi\u0105zane z terenem G\u00f3r \u015awi\u0119tokrzystkich i obejmuj\u0105ce ich faun\u0119 i flor\u0119 (tak\u017ce t\u0119 prehistoryczn\u0105), geologi\u0119, hydrologi\u0119, klimat oraz zagadnienia ochrony \u015brodowiska.<\/li>\n<\/ul>\n\n\n\n<p>Po pysznym obiedzie ze \u015bpiewem na ustach wr\u00f3cili\u015bmy do Wielopola. Zapraszamy do <a href=\"https:\/\/photos.app.goo.gl\/vRGsUPdNzLpJCzYT7\">galeri<\/a>.<\/p>\n\n\n\n<p>Opracowa\u0142:<br>Ryszard \u0141akomski \u2013 kierownik wycieczki<\/p>\n","protected":false},"excerpt":{"rendered":"<p>Stowarzyszenie Rozwoju So\u0142ectwa Wielopole w dniach 10 -11.09.2022 r. w ramach zadania publicznego wspieranego przez Gmin\u0119 Che\u0142miec: &#8222;Kultura, ochrona d\u00f3br kultury i zachowanie tradycji regionalnych poprzez: upami\u0119tnianie miejsc pami\u0119ci narodowej oraz piel\u0119gnowanie polsko\u015bci i tradycji narodowej\u201d dla mieszka\u0144c\u00f3w Gminy Che\u0142miec zorganizowa\u0142o dwudniow\u0105 wycieczk\u0119 pn. &#8222;Ziemia \u015bwi\u0119tokrzyska \u2013 historia, religia, geologia&#8221;. W pierwszym dniu naszej eskapady [&hellip;]<\/p>\n","protected":false},"author":1,"featured_media":412,"comment_status":"closed","ping_status":"open","sticky":false,"template":"","format":"standard","meta":{"footnotes":""},"categories":[4],"tags":[],"class_list":["post-411","post","type-post","status-publish","format-standard","has-post-thumbnail","hentry","category-aktualnosci"],"_links":{"self":[{"href":"https:\/\/www.wielopolesolectwo.pl\/index.php\/wp-json\/wp\/v2\/posts\/411","targetHints":{"allow":["GET"]}}],"collection":[{"href":"https:\/\/www.wielopolesolectwo.pl\/index.php\/wp-json\/wp\/v2\/posts"}],"about":[{"href":"https:\/\/www.wielopolesolectwo.pl\/index.php\/wp-json\/wp\/v2\/types\/post"}],"author":[{"embeddable":true,"href":"https:\/\/www.wielopolesolectwo.pl\/index.php\/wp-json\/wp\/v2\/users\/1"}],"replies":[{"embeddable":true,"href":"https:\/\/www.wielopolesolectwo.pl\/index.php\/wp-json\/wp\/v2\/comments?post=411"}],"version-history":[{"count":1,"href":"https:\/\/www.wielopolesolectwo.pl\/index.php\/wp-json\/wp\/v2\/posts\/411\/revisions"}],"predecessor-version":[{"id":413,"href":"https:\/\/www.wielopolesolectwo.pl\/index.php\/wp-json\/wp\/v2\/posts\/411\/revisions\/413"}],"wp:featuredmedia":[{"embeddable":true,"href":"https:\/\/www.wielopolesolectwo.pl\/index.php\/wp-json\/wp\/v2\/media\/412"}],"wp:attachment":[{"href":"https:\/\/www.wielopolesolectwo.pl\/index.php\/wp-json\/wp\/v2\/media?parent=411"}],"wp:term":[{"taxonomy":"category","embeddable":true,"href":"https:\/\/www.wielopolesolectwo.pl\/index.php\/wp-json\/wp\/v2\/categories?post=411"},{"taxonomy":"post_tag","embeddable":true,"href":"https:\/\/www.wielopolesolectwo.pl\/index.php\/wp-json\/wp\/v2\/tags?post=411"}],"curies":[{"name":"wp","href":"https:\/\/api.w.org\/{rel}","templated":true}]}}