{"id":414,"date":"2022-09-29T11:25:12","date_gmt":"2022-09-29T10:25:12","guid":{"rendered":"https:\/\/www.nowa.wielopolesolectwo.pl\/?p=414"},"modified":"2025-12-06T13:58:05","modified_gmt":"2025-12-06T12:58:05","slug":"odszedl-jan-krolikowski","status":"publish","type":"post","link":"https:\/\/www.wielopolesolectwo.pl\/index.php\/2022\/09\/29\/odszedl-jan-krolikowski\/","title":{"rendered":"Odszed\u0142 Jan Kr\u00f3likowski"},"content":{"rendered":"\n<p>W dniu 27 wrze\u015bnia Jan Kr\u00f3likowski w wieku 77 lat odszed\u0142 na zawsze z naszej wsp\u00f3lnoty, co nape\u0142ni\u0142o wielkim smutkiem wszystkich, kt\u00f3rym dane by\u0142o go pozna\u0107.<\/p>\n\n\n\n<p>Urodzi\u0142 si\u0119 we wsi Bugaj u st\u00f3p klasztoru w Kalwarii Zebrzydowskiej i przez ca\u0142e \u017cycie pielgrzymowa\u0142 do tego miejsca. Po uko\u0144czeniu studi\u00f3w na Wydziale Rolniczym Wy\u017cszej Szko\u0142y Rolniczej w Krakowie, pracowa\u0142 pocz\u0105tkowo w Borowie w powiecie \u0142owickim, a w 1978 roku wraz z rodzin\u0105 zamieszka\u0142 w Wielopolu, gdzie zatrudni\u0142 si\u0119 w Stacji Hodowli Ro\u015blin.<\/p>\n\n\n\n<p>Po przedwczesnej \u015bmierci \u017cony Zofii, pozosta\u0142 z tr\u00f3jk\u0105 ma\u0142oletnich dzieci. Dzielnie znosz\u0105c swoje samotne ojcostwo, wychowa\u0142 je na m\u0105drych i dobrych ludzi. Pokonuj\u0105c coraz wy\u017csze stopnie w zawodzie hodowcy ro\u015blin, poprzez kierowanie Stacj\u0105 w Wielopolu doszed\u0142 do funkcji G\u0142\u00f3wnego Hodowcy w ca\u0142ym przedsi\u0119biorstwie \u0096 Hodowli Buraka Pastewnego w Krakowie. Po likwidacji Zak\u0142adu Hodowli Ro\u015blin w Wielopolu w 2002 r. zosta\u0142 zast\u0119pc\u0105 w\u00f3jta gminy Che\u0142miec. Przej\u015bcie na emerytur\u0119 spowodowa\u0142o wiele zmian w jego \u017cyciu.<\/p>\n\n\n\n<p>Po wielu latach wdowie\u0144stwa i usamodzielnieniu si\u0119 dzieci zawar\u0142 zwi\u0105zek ma\u0142\u017ce\u0144ski z Gra\u017cyn\u0105, z kt\u00f3r\u0105 wzajemnie si\u0119 wspierali. Zawsze czynnie uczestniczy\u0142 w \u017cyciu wsi staraj\u0105c si\u0119 poprawi\u0107 infrastruktur\u0119 i zwi\u0119kszy\u0107 integracj\u0119 mieszka\u0144c\u00f3w. By\u0142 w grupie za\u0142o\u017cycieli Stowarzyszenia Rozwoju So\u0142ectwa Wielopole i jego dzia\u0142aczem, nigdy nie uchyla\u0142 si\u0119 od prac na rzecz innych, wiele z nich inicjuj\u0105c. Znalaz\u0142 wreszcie czas, by rozwija\u0107 swoje pasje. Najwi\u0119ksz\u0105 satysfakcj\u0119 i rado\u015b\u0107, jak przyzna\u0142 w jednym z wywiad\u00f3w, dawa\u0142o mu pszczelarstwo. Ucz\u0119szczaj\u0105c na zaj\u0119cia S\u0105deckiego Uniwersytetu Trzeciego Wieku i b\u0119d\u0105c wielokrotnie starost\u0105 sekcji, bardzo zainteresowa\u0142 si\u0119 medycyn\u0105, szczeg\u00f3lnie psychologi\u0105. Dzia\u0142a\u0142 aktywnie w S\u0105deckim Oddziale Stowarzyszenia In\u017cynier\u00f3w i Technik\u00f3w Rolnictwa. Ostatnio w\u0142\u0105czy\u0142 si\u0119 w dzia\u0142alno\u015b\u0107 Gminnej Rady Senior\u00f3w w Che\u0142mcu. Przewodnicz\u0105c Wsp\u00f3lnocie Mieszka\u0144c\u00f3w Wielopole 1, by\u0142 dobrym gospodarzem, dbaj\u0105c o dom i jego otoczenie.<\/p>\n\n\n\n<p>Skromny, serdeczny, zawsze ch\u0119tny do pomocy - s\u0105siad, kolega, prze\u0142o\u017cony. Stawiaj\u0105cy dobro wsp\u00f3lne i dobro innych ponad w\u0142asnym, ze spokojem ducha godz\u0105cy si\u0119 z cierpieniem \u0096 dobry cz\u0142owiek. Odszed\u0142, ale pami\u0119\u0107 o nim w\u015br\u00f3d nas pozostanie.<\/p>\n","protected":false},"excerpt":{"rendered":"<p>W dniu 27 wrze\u015bnia Jan Kr\u00f3likowski w wieku 77 lat odszed\u0142 na zawsze z naszej wsp\u00f3lnoty, co nape\u0142ni\u0142o wielkim smutkiem wszystkich, kt\u00f3rym dane by\u0142o go pozna\u0107. Urodzi\u0142 si\u0119 we wsi Bugaj u st\u00f3p klasztoru w Kalwarii Zebrzydowskiej i przez ca\u0142e \u017cycie pielgrzymowa\u0142 do tego miejsca. Po uko\u0144czeniu studi\u00f3w na Wydziale Rolniczym Wy\u017cszej Szko\u0142y Rolniczej w [&hellip;]<\/p>\n","protected":false},"author":1,"featured_media":415,"comment_status":"closed","ping_status":"open","sticky":false,"template":"","format":"standard","meta":{"footnotes":""},"categories":[4],"tags":[],"class_list":["post-414","post","type-post","status-publish","format-standard","has-post-thumbnail","hentry","category-aktualnosci"],"_links":{"self":[{"href":"https:\/\/www.wielopolesolectwo.pl\/index.php\/wp-json\/wp\/v2\/posts\/414","targetHints":{"allow":["GET"]}}],"collection":[{"href":"https:\/\/www.wielopolesolectwo.pl\/index.php\/wp-json\/wp\/v2\/posts"}],"about":[{"href":"https:\/\/www.wielopolesolectwo.pl\/index.php\/wp-json\/wp\/v2\/types\/post"}],"author":[{"embeddable":true,"href":"https:\/\/www.wielopolesolectwo.pl\/index.php\/wp-json\/wp\/v2\/users\/1"}],"replies":[{"embeddable":true,"href":"https:\/\/www.wielopolesolectwo.pl\/index.php\/wp-json\/wp\/v2\/comments?post=414"}],"version-history":[{"count":1,"href":"https:\/\/www.wielopolesolectwo.pl\/index.php\/wp-json\/wp\/v2\/posts\/414\/revisions"}],"predecessor-version":[{"id":416,"href":"https:\/\/www.wielopolesolectwo.pl\/index.php\/wp-json\/wp\/v2\/posts\/414\/revisions\/416"}],"wp:featuredmedia":[{"embeddable":true,"href":"https:\/\/www.wielopolesolectwo.pl\/index.php\/wp-json\/wp\/v2\/media\/415"}],"wp:attachment":[{"href":"https:\/\/www.wielopolesolectwo.pl\/index.php\/wp-json\/wp\/v2\/media?parent=414"}],"wp:term":[{"taxonomy":"category","embeddable":true,"href":"https:\/\/www.wielopolesolectwo.pl\/index.php\/wp-json\/wp\/v2\/categories?post=414"},{"taxonomy":"post_tag","embeddable":true,"href":"https:\/\/www.wielopolesolectwo.pl\/index.php\/wp-json\/wp\/v2\/tags?post=414"}],"curies":[{"name":"wp","href":"https:\/\/api.w.org\/{rel}","templated":true}]}}