{"id":429,"date":"2023-02-01T11:40:43","date_gmt":"2023-02-01T10:40:43","guid":{"rendered":"https:\/\/www.nowa.wielopolesolectwo.pl\/?p=429"},"modified":"2025-12-06T13:59:49","modified_gmt":"2025-12-06T12:59:49","slug":"ferie-z-kreglami-4","status":"publish","type":"post","link":"https:\/\/www.wielopolesolectwo.pl\/index.php\/2023\/02\/01\/ferie-z-kreglami-4\/","title":{"rendered":"Ferie z kr\u0119glami!"},"content":{"rendered":"\n<p>30 stycznia 2023 r. nasze Stowarzyszenie dla wszystkich ch\u0119tnych, m\u0142odzie\u017cy tej starszej i tej mniejszej, zafundowa\u0142o wyjazd do kr\u0119gielni. Zainteresowanie zabaw\u0105 jak zwykle by\u0142o du\u017ce - uczestniczy\u0142o w niej 18 os\u00f3b. Organizatorem spotkania byli Panie Beata Turska i Anna Zi\u00f3\u0142kowska, Panowie Ryszard \u0141akomski, Stefan Opalski.<\/p>\n\n\n\n<p>Kr\u0119gle od kilku lat ciesz\u0105 si\u0119 du\u017cym zainteresowaniem w\u015br\u00f3d m\u0142odzie\u017cy Wielopola. Do dyspozycji mieli\u015bmy dwa tory. By\u0142y emocje, zwyci\u0119stwa, pora\u017cki, ale przede wszystkim ... wy\u015bmienita zabawa ... Dla niekt\u00f3rych by\u0142 to pierwszy wyjazd na kr\u0119gle, jednak z rozm\u00f3w naszych zawodnik\u00f3w wynika\u0142o, \u017ce z pewno\u015bci\u0105 na kr\u0119gielnie jeszcze powr\u00f3c\u0105. By organizm nie zosta\u0142 nadmiernie wyeksploatowany uczestnicy zabawy uzupe\u0142nili kurcz\u0105ce si\u0119 zapasy energi\u0119 w\u0119glowodanami bia\u0142kiem i cukrem, czyli pizz\u0105 i Coca-Col\u0105.<\/p>\n\n\n\n<p>Zapraszamy do <a href=\"https:\/\/photos.app.goo.gl\/pmDAQSQnJueVvzCH7\">galeri<\/a><\/p>\n\n\n\n<p>R\u0141<br>Sekretarz<\/p>\n","protected":false},"excerpt":{"rendered":"<p>30 stycznia 2023 r. nasze Stowarzyszenie dla wszystkich ch\u0119tnych, m\u0142odzie\u017cy tej starszej i tej mniejszej, zafundowa\u0142o wyjazd do kr\u0119gielni. Zainteresowanie zabaw\u0105 jak zwykle by\u0142o du\u017ce &#8211; uczestniczy\u0142o w niej 18 os\u00f3b. Organizatorem spotkania byli Panie Beata Turska i Anna Zi\u00f3\u0142kowska, Panowie Ryszard \u0141akomski, Stefan Opalski. Kr\u0119gle od kilku lat ciesz\u0105 si\u0119 du\u017cym zainteresowaniem w\u015br\u00f3d m\u0142odzie\u017cy [&hellip;]<\/p>\n","protected":false},"author":1,"featured_media":430,"comment_status":"closed","ping_status":"open","sticky":false,"template":"","format":"standard","meta":{"footnotes":""},"categories":[4],"tags":[],"class_list":["post-429","post","type-post","status-publish","format-standard","has-post-thumbnail","hentry","category-aktualnosci"],"_links":{"self":[{"href":"https:\/\/www.wielopolesolectwo.pl\/index.php\/wp-json\/wp\/v2\/posts\/429","targetHints":{"allow":["GET"]}}],"collection":[{"href":"https:\/\/www.wielopolesolectwo.pl\/index.php\/wp-json\/wp\/v2\/posts"}],"about":[{"href":"https:\/\/www.wielopolesolectwo.pl\/index.php\/wp-json\/wp\/v2\/types\/post"}],"author":[{"embeddable":true,"href":"https:\/\/www.wielopolesolectwo.pl\/index.php\/wp-json\/wp\/v2\/users\/1"}],"replies":[{"embeddable":true,"href":"https:\/\/www.wielopolesolectwo.pl\/index.php\/wp-json\/wp\/v2\/comments?post=429"}],"version-history":[{"count":1,"href":"https:\/\/www.wielopolesolectwo.pl\/index.php\/wp-json\/wp\/v2\/posts\/429\/revisions"}],"predecessor-version":[{"id":431,"href":"https:\/\/www.wielopolesolectwo.pl\/index.php\/wp-json\/wp\/v2\/posts\/429\/revisions\/431"}],"wp:featuredmedia":[{"embeddable":true,"href":"https:\/\/www.wielopolesolectwo.pl\/index.php\/wp-json\/wp\/v2\/media\/430"}],"wp:attachment":[{"href":"https:\/\/www.wielopolesolectwo.pl\/index.php\/wp-json\/wp\/v2\/media?parent=429"}],"wp:term":[{"taxonomy":"category","embeddable":true,"href":"https:\/\/www.wielopolesolectwo.pl\/index.php\/wp-json\/wp\/v2\/categories?post=429"},{"taxonomy":"post_tag","embeddable":true,"href":"https:\/\/www.wielopolesolectwo.pl\/index.php\/wp-json\/wp\/v2\/tags?post=429"}],"curies":[{"name":"wp","href":"https:\/\/api.w.org\/{rel}","templated":true}]}}