{"id":464,"date":"2024-06-14T12:21:43","date_gmt":"2024-06-14T11:21:43","guid":{"rendered":"https:\/\/www.nowa.wielopolesolectwo.pl\/?p=464"},"modified":"2025-12-06T14:06:58","modified_gmt":"2025-12-06T13:06:58","slug":"relacja-z-wycieczki-zlota-praga-morawski-kras-12-14-lipiec-2024-r","status":"publish","type":"post","link":"https:\/\/www.wielopolesolectwo.pl\/index.php\/2024\/06\/14\/relacja-z-wycieczki-zlota-praga-morawski-kras-12-14-lipiec-2024-r\/","title":{"rendered":"Relacja z wycieczki &#8222;Z\u0142ota Praga \u2013 Morawski Kras&#8221; 12-14 lipiec 2024 r."},"content":{"rendered":"\n<p>Wycieczka zorganizowana w ramach zadania publicznego \u2013 Dzia\u0142alno\u015b\u0107 na rzecz os\u00f3b w wieku emerytalnym: poprzez 1\/ aktywizacj\u0119 senior\u00f3w poprzez udzia\u0142 w wyjazdach o charakterze turystyczno- krajoznawczym, rekreacyjnym, kulturalnym. 2\/ wspieranie funkcjonowania spo\u0142ecznego i aktywno\u015bci os\u00f3b starszych oraz przeciwdzia\u0142ania wykluczeniu os\u00f3b starszych, wsp\u00f3\u0142finansowana wg Projektu przez Urz\u0105d Gminy Che\u0142miec.<\/p>\n\n\n\n<p>Organizatorem wycieczki by\u0142o Ko\u0142o Gospody\u0144 Wiejskich Wielopole w Wielopolu razem ze Stowarzyszeniem Rozwoju So\u0142ectwa Wielopole w Wielopolu oraz Klub Seniora Wielopole i Klub Seniora Wielog\u0142owy.<\/p>\n\n\n\n<p>Wycieczka wyruszy\u0142a w dniu 12 lipca 2024 r. z Wielopola przez Krak\u00f3w \u2013 Katowice - Brno \u2013 do Pragi.<\/p>\n\n\n\n<p>Po przyje\u017adzie do Morawskiego Krasu, zwiedzili\u015bmy s\u0142ynn\u0105 przepa\u015b\u0107 Macochy, Jaskini\u0119 Punkveni, w kt\u00f3rej p\u0142yn\u0119li\u015bmy \u0142odziami po podziemnej rzece Punkvi. W godzinach popo\u0142udniowych dojechali\u015bmy do miejsca zakwaterowania i w hotelu czeka\u0142a na nas obiadokolacja.<\/p>\n\n\n\n<p>W drugi dzie\u0144 wycieczki, zwiedzali\u015bmy zabytki Pragi pod opiek\u0105 przewodnika tj: spacer historyczny od Klasztoru na Strahowie do Hradczan; Hradczany - Katedra \u015bw. Wita; Z\u0142ota Uliczka; ko\u015bci\u00f3\u0142 \u015bw. Jerzego; sala W\u0142adys\u0142awowska; Ma\u0142a Strana- Most Karola; Praskie Dzieci\u0105tko w ko\u015bciele Panny Marii Zwyci\u0119skiej; Wzg\u00f3rze Wyszehradzkie. W godzinach wieczornych zwiedzanie Pragi noc\u0105 tj: Rynek Staromiejski z Ratuszem \u2013 s\u0142ynny zegar Orloj, pomnik J.Husa; spacer mostem Karola.<\/p>\n\n\n\n<p>W trzeci dzie\u0144 po \u015bniadaniu udali\u015bmy si\u0119 na Plac Wac\u0142awa (Vaclavskie Namesti) i do centrum.<\/p>\n\n\n\n<p>W drodze powrotnej zjedli\u015bmy obiad w karczmie s\u0142ynnej kopalni z\u0142ota w Z\u0142otym Stoku i w godzinach nocnych dotarli\u015bmy do Wielopola.<\/p>\n\n\n\n<p>Transport zapewni\u0142 nam Pan Piotr Pawlikowski \u2013 Przewodnictwo G\u00f3rskie Pawlikowski z Che\u0142mca.<\/p>\n\n\n\n<p>Opiekunem i pilotem w\/w biura by\u0142 Pan Micha\u0142 Janus, kt\u00f3ry przekazywa\u0142 nam histori\u0119 zwiedzanych miejsc, jak r\u00f3wnie\u017c teren\u00f3w przez kt\u00f3re podr\u00f3\u017cowali\u015bmy.<\/p>\n\n\n\n<p>Dzi\u0119kujemy kierowcom w\/w biura p. Paw\u0142owi i p. Grzegorzowi za bezpieczn\u0105 podr\u00f3\u017c, jak r\u00f3wnie\u017c wielkie podzi\u0119kowania dla Pana Witolda Grzyba z Wielopola i cz\u0142onkom jego rodziny za zaopatrzenie uczestnik\u00f3w wycieczki w \u015bwie\u017ce dro\u017cd\u017c\u00f3wki i ciasto.<\/p>\n\n\n\n<p>Wycieczka by\u0142a czasem relaksu, historii, integracji senior\u00f3w i uczestnik\u00f3w wycieczki z Wielopola; D\u0105browej i Wielog\u0142\u00f3w.<\/p>\n\n\n\n<p>Relacja \u2013 Gra\u017cyna Teresa Borkowska<br>Zapraszamy do galerii zdj\u0119\u0107 uczestnik\u00f3w wycieczki <a href=\"https:\/\/photos.app.goo.gl\/2fhbzbxkRdbuLTRt7\">tutaj<\/a>.<\/p>\n","protected":false},"excerpt":{"rendered":"<p>Wycieczka zorganizowana w ramach zadania publicznego \u2013 Dzia\u0142alno\u015b\u0107 na rzecz os\u00f3b w wieku emerytalnym: poprzez 1\/ aktywizacj\u0119 senior\u00f3w poprzez udzia\u0142 w wyjazdach o charakterze turystyczno- krajoznawczym, rekreacyjnym, kulturalnym. 2\/ wspieranie funkcjonowania spo\u0142ecznego i aktywno\u015bci os\u00f3b starszych oraz przeciwdzia\u0142ania wykluczeniu os\u00f3b starszych, wsp\u00f3\u0142finansowana wg Projektu przez Urz\u0105d Gminy Che\u0142miec. Organizatorem wycieczki by\u0142o Ko\u0142o Gospody\u0144 Wiejskich Wielopole [&hellip;]<\/p>\n","protected":false},"author":1,"featured_media":465,"comment_status":"closed","ping_status":"open","sticky":false,"template":"","format":"standard","meta":{"footnotes":""},"categories":[4],"tags":[],"class_list":["post-464","post","type-post","status-publish","format-standard","has-post-thumbnail","hentry","category-aktualnosci"],"_links":{"self":[{"href":"https:\/\/www.wielopolesolectwo.pl\/index.php\/wp-json\/wp\/v2\/posts\/464","targetHints":{"allow":["GET"]}}],"collection":[{"href":"https:\/\/www.wielopolesolectwo.pl\/index.php\/wp-json\/wp\/v2\/posts"}],"about":[{"href":"https:\/\/www.wielopolesolectwo.pl\/index.php\/wp-json\/wp\/v2\/types\/post"}],"author":[{"embeddable":true,"href":"https:\/\/www.wielopolesolectwo.pl\/index.php\/wp-json\/wp\/v2\/users\/1"}],"replies":[{"embeddable":true,"href":"https:\/\/www.wielopolesolectwo.pl\/index.php\/wp-json\/wp\/v2\/comments?post=464"}],"version-history":[{"count":1,"href":"https:\/\/www.wielopolesolectwo.pl\/index.php\/wp-json\/wp\/v2\/posts\/464\/revisions"}],"predecessor-version":[{"id":466,"href":"https:\/\/www.wielopolesolectwo.pl\/index.php\/wp-json\/wp\/v2\/posts\/464\/revisions\/466"}],"wp:featuredmedia":[{"embeddable":true,"href":"https:\/\/www.wielopolesolectwo.pl\/index.php\/wp-json\/wp\/v2\/media\/465"}],"wp:attachment":[{"href":"https:\/\/www.wielopolesolectwo.pl\/index.php\/wp-json\/wp\/v2\/media?parent=464"}],"wp:term":[{"taxonomy":"category","embeddable":true,"href":"https:\/\/www.wielopolesolectwo.pl\/index.php\/wp-json\/wp\/v2\/categories?post=464"},{"taxonomy":"post_tag","embeddable":true,"href":"https:\/\/www.wielopolesolectwo.pl\/index.php\/wp-json\/wp\/v2\/tags?post=464"}],"curies":[{"name":"wp","href":"https:\/\/api.w.org\/{rel}","templated":true}]}}