{"id":487,"date":"2023-05-20T21:52:41","date_gmt":"2023-05-20T20:52:41","guid":{"rendered":"https:\/\/www.nowa.wielopolesolectwo.pl\/?p=487"},"modified":"2025-12-07T22:25:33","modified_gmt":"2025-12-07T21:25:33","slug":"3-dniowa-wycieczka-do-warszawy","status":"publish","type":"post","link":"https:\/\/www.wielopolesolectwo.pl\/index.php\/2023\/05\/20\/3-dniowa-wycieczka-do-warszawy\/","title":{"rendered":"3-dniowa wycieczka do Warszawy!"},"content":{"rendered":"\n<p>Szanowni Pa\u0144stwo!<\/p>\n\n\n\n<p><a href=\"https:\/\/www.facebook.com\/groups\/178294458512014\/\">Ko\u0142o Gospody\u0144 Wiejskich Wielopole<\/a> i Stowarzyszenie Rozwoju So\u0142ectwa Wielopole dla mieszka\u0144c\u00f3w gminy Che\u0142miec organizuj\u0105 3-dniow\u0105 wycieczk\u0119 do Warszawy (w terminie 4-6 sierpnia 2023).<\/p>\n\n\n\n<p>Program wycieczki przedstawia si\u0119 nast\u0119puj\u0105co:<\/p>\n\n\n\n<p><strong>Dzie\u0144 I<\/strong><\/p>\n\n\n\n<ul class=\"wp-block-list\">\n<li>5.00. - wyjazd,<\/li>\n\n\n\n<li>ok. godz. 13.00. przyjazd do Warszawy,<\/li>\n\n\n\n<li>Muzeum Niepodleg\u0142o\u015bci,<\/li>\n\n\n\n<li>Cytadela Warszawska lub Muzeum Katy\u0144skie,<\/li>\n\n\n\n<li>Gr\u00f3b ks. Jerzego Popie\u0142uszki \u2013 ko\u015bci\u00f3\u0142 \u015bw. Stanis\u0142awa Kostki, msza \u015bw.,<\/li>\n\n\n\n<li>obiadokolacja, nocleg.<\/li>\n<\/ul>\n\n\n\n<p><strong>Dzie\u0144 II<\/strong><\/p>\n\n\n\n<ul class=\"wp-block-list\">\n<li>\u015bniadanie,<\/li>\n\n\n\n<li>zwiedzanie: Zamek Kr\u00f3lewski, Rynek Starego Miasta, Plac zamkowy, Trakt Kr\u00f3lewski, \u0141azienki Kr\u00f3lewskie, Gr\u00f3b Nieznanego \u017bo\u0142nierza, ogr\u00f3d saski, Belweder ( z zew.), Pa\u0142ac Krasi\u0144skich z zew., Plac Trzech Krzy\u017cy, Multimedialny Park Fontann,<\/li>\n\n\n\n<li>obiadokolacja,<\/li>\n\n\n\n<li>nocleg.<\/li>\n<\/ul>\n\n\n\n<p><strong>Dzie\u0144 III<\/strong><\/p>\n\n\n\n<ul class=\"wp-block-list\">\n<li>\u015bniadanie,<\/li>\n\n\n\n<li>Pa\u0142ac Kultury \u2013 wyjazd na taras widokowy,<\/li>\n\n\n\n<li>\u015awi\u0105tynia Opatrzno\u015bci Bo\u017cej \u2013 msza \u015bw.,<\/li>\n\n\n\n<li>obiad w drodze powrotnej,<\/li>\n\n\n\n<li>w godz. popo\u0142udniowych wyjazd z Warszawy ,powr\u00f3t do Wielopola ok. 23.00.<\/li>\n<\/ul>\n\n\n\n<p><strong>Mo\u017cliwo\u015b\u0107 zmiany kolejno\u015bci zwiedzania.<\/strong><\/p>\n\n\n\n<p><strong>Koszt wycieczki to 700 z\u0142. od osoby.<\/strong><\/p>\n\n\n\n<p>Cena obejmuje:<\/p>\n\n\n\n<ul class=\"wp-block-list\">\n<li>przejazd autokarem, parkingi, ubezpieczenie NNW, bilety wst\u0119pu do miejsc odwiedzanych,<\/li>\n\n\n\n<li>opieka pilota-przewodnika, 2 noclegi z wy\u017cywieniem \u2013 2 x obiado-kolacja, 2 x \u015bniadanie, 1 x obiad<\/li>\n\n\n\n<li>noclegi: Hotel Bella Vista, ul. Trakt Brzeski 99, Warszawa.<\/li>\n<\/ul>\n\n\n\n<p><strong>Serdecznie Zapraszamy!!!<\/strong><\/p>\n\n\n\n<p><strong>Zg\u0142oszenia do udzia\u0142u w wycieczce prosz\u0119 sk\u0142ada\u0107 telefonicznie do dnia 25 maja 2023 r. do Przewodnicz\u0105cej KGW Wielopole Pani Gra\u017cyna Teresa Borkowska nr tel. 660 467 552.<\/strong><\/p>\n\n\n\n<p>Ilo\u015b\u0107 miejsc ograniczona!!!<\/p>\n\n\n\n<p>Uwaga:<\/p>\n\n\n\n<ul class=\"wp-block-list\">\n<li>Dla dzieci m\u0142odzie\u017cy i senior\u00f3w z gminy Che\u0142miec przewiduj\u0119 sie ulg\u0119 w wysoko\u015bci 100 z\u0142. od osoby.<\/li>\n\n\n\n<li>Dla cz\u0142onk\u00f3w Stowarzyszenia Rozwoju So\u0142ectwa Wielopole przewiduje si\u0119 ulg\u0119 w wysoko\u015bci 100 z\u0142. od osoby<\/li>\n\n\n\n<li>Dla cz\u0142onk\u00f3w KGW Wielopole przewiduje si\u0119 ulg\u0119 w wysoko\u015bci 200 z\u0142. od osoby.<\/li>\n<\/ul>\n","protected":false},"excerpt":{"rendered":"<p>Szanowni Pa\u0144stwo! Ko\u0142o Gospody\u0144 Wiejskich Wielopole i Stowarzyszenie Rozwoju So\u0142ectwa Wielopole dla mieszka\u0144c\u00f3w gminy Che\u0142miec organizuj\u0105 3-dniow\u0105 wycieczk\u0119 do Warszawy (w terminie 4-6 sierpnia 2023). Program wycieczki przedstawia si\u0119 nast\u0119puj\u0105co: Dzie\u0144 I Dzie\u0144 II Dzie\u0144 III Mo\u017cliwo\u015b\u0107 zmiany kolejno\u015bci zwiedzania. Koszt wycieczki to 700 z\u0142. od osoby. Cena obejmuje: Serdecznie Zapraszamy!!! Zg\u0142oszenia do udzia\u0142u w [&hellip;]<\/p>\n","protected":false},"author":1,"featured_media":488,"comment_status":"closed","ping_status":"open","sticky":false,"template":"","format":"standard","meta":{"footnotes":""},"categories":[4],"tags":[],"class_list":["post-487","post","type-post","status-publish","format-standard","has-post-thumbnail","hentry","category-aktualnosci"],"_links":{"self":[{"href":"https:\/\/www.wielopolesolectwo.pl\/index.php\/wp-json\/wp\/v2\/posts\/487","targetHints":{"allow":["GET"]}}],"collection":[{"href":"https:\/\/www.wielopolesolectwo.pl\/index.php\/wp-json\/wp\/v2\/posts"}],"about":[{"href":"https:\/\/www.wielopolesolectwo.pl\/index.php\/wp-json\/wp\/v2\/types\/post"}],"author":[{"embeddable":true,"href":"https:\/\/www.wielopolesolectwo.pl\/index.php\/wp-json\/wp\/v2\/users\/1"}],"replies":[{"embeddable":true,"href":"https:\/\/www.wielopolesolectwo.pl\/index.php\/wp-json\/wp\/v2\/comments?post=487"}],"version-history":[{"count":1,"href":"https:\/\/www.wielopolesolectwo.pl\/index.php\/wp-json\/wp\/v2\/posts\/487\/revisions"}],"predecessor-version":[{"id":489,"href":"https:\/\/www.wielopolesolectwo.pl\/index.php\/wp-json\/wp\/v2\/posts\/487\/revisions\/489"}],"wp:featuredmedia":[{"embeddable":true,"href":"https:\/\/www.wielopolesolectwo.pl\/index.php\/wp-json\/wp\/v2\/media\/488"}],"wp:attachment":[{"href":"https:\/\/www.wielopolesolectwo.pl\/index.php\/wp-json\/wp\/v2\/media?parent=487"}],"wp:term":[{"taxonomy":"category","embeddable":true,"href":"https:\/\/www.wielopolesolectwo.pl\/index.php\/wp-json\/wp\/v2\/categories?post=487"},{"taxonomy":"post_tag","embeddable":true,"href":"https:\/\/www.wielopolesolectwo.pl\/index.php\/wp-json\/wp\/v2\/tags?post=487"}],"curies":[{"name":"wp","href":"https:\/\/api.w.org\/{rel}","templated":true}]}}