{"id":490,"date":"2023-08-23T21:56:18","date_gmt":"2023-08-23T20:56:18","guid":{"rendered":"https:\/\/www.nowa.wielopolesolectwo.pl\/?p=490"},"modified":"2025-12-07T22:25:56","modified_gmt":"2025-12-07T21:25:56","slug":"tatrzanskimi-sladami-mieczyslawa-karlowicza-zaproszenie-na-wycieczke","status":"publish","type":"post","link":"https:\/\/www.wielopolesolectwo.pl\/index.php\/2023\/08\/23\/tatrzanskimi-sladami-mieczyslawa-karlowicza-zaproszenie-na-wycieczke\/","title":{"rendered":"Tatrza\u0144skimi \u015bladami Mieczys\u0142awa Kar\u0142owicza \u2013 zaproszenie na wycieczk\u0119"},"content":{"rendered":"\n<p>Z przyjemno\u015bci\u0105 informujemy wszystkich mieszka\u0144c\u00f3w gminy Che\u0142miec, \u017ce Stowarzyszenie Rozwoju So\u0142ectwa Wielopole w ramach zadania publicznego pn.: Wspieranie dzia\u0142a\u0144 na rzecz os\u00f3b niepe\u0142nosprawnych oraz profilaktyki i promocji zdrowia poprzez wspieranie dzia\u0142a\u0144 promuj\u0105cych zdrowy styl \u017cycia, og\u0142asza nab\u00f3r uczestnik\u00f3w na jednodniow\u0105 wycieczk\u0119- pn.: \"Tatrza\u0144skimi \u015bladami Mieczys\u0142awa Kar\u0142owicza\" na trasie: Wielopole \u2013 Zakopane \u2013 Tatrza\u0144ski Park Narodowy \u2013 Wielopole, kt\u00f3ra odb\u0119dzie si\u0119 09.09.2023 r. <strong>Program wycieczki historyczna krajoznawcza pn.: \"Tatrza\u0144skimi \u015bladami Mieczys\u0142awa Kar\u0142owicza\" (09.09.2023 r.)<\/strong><\/p>\n\n\n\n<ul class=\"wp-block-list\">\n<li>Wycieczk\u0119 nale\u017cy zaliczy\u0107 do kategorii \"\u0142atwa\"<\/li>\n\n\n\n<li>Czas potrzebny na spacerowe, g\u00f3rskie przebycie ca\u0142ej trasy pieszej to oko\u0142o 7 godz. \u2013 16.7 km.<\/li>\n<\/ul>\n\n\n\n<ol class=\"wp-block-list\">\n<li>Przejazd autobusem do Zakopanego<\/li>\n\n\n\n<li>Spacer od Ronda Jana Paw\u0142a II w Zakopanem do Ku\u017anic - ok. 1.8 km. Spotkanie z licencjonowanym przewodnikiem zapoznanie z histori\u0105 kolejki na Kasprowy Wierch.<\/li>\n\n\n\n<li>Wej\u015bcie w obszar Tatrza\u0144skiego Parku Narodowego i pokonanie szlaku turystycznego jak na mapie poni\u017cej. Zapoznanie si\u0119 z geologi\u0105 Tatr, obserwacja widok\u00f3w. Pogadanka o Mieczys\u0142awie Kar\u0142owiczu.<\/li>\n\n\n\n<li><em>Powr\u00f3t do autobusu<\/em><\/li>\n\n\n\n<li><em>Przejazd do Nowego Targu na obiad<\/em><\/li>\n\n\n\n<li><em>Powr\u00f3t do Wielopola<\/em><\/li>\n<\/ol>\n\n\n\n<p><\/p>\n\n\n\n<p><\/p>\n\n\n\n<p><em>(Mieczys\u0142aw Kar\u0142owicz (1876-1909) \u2013 kompozytor, dyrygent, publicysta fotograf, ale przede wszystkim mi\u0142o\u015bnik g\u00f3r, pionier narciarstwa, \u015bwietny taternik oraz jeden z pomys\u0142odawc\u00f3w powo\u0142ania Tatrza\u0144skiego Ochotniczego Pogotowia Ratunkowego. Aktywnie dzia\u0142a\u0142 w Towarzystwie Tatrza\u0144skim, publikowa\u0142 artyku\u0142y z wycieczek w g\u00f3ry, pasjonowa\u0142 si\u0119 wspinaczk\u0105, fotografik\u0105 i jazd\u0105 na nartach. G\u00f3ry traktowa\u0142 ze szczypt\u0105 mistycyzmu, szanowa\u0142 je i ich cisz\u0119. Wyznawa\u0142 klasyczny styl wspinaczki, kt\u00f3ry nie \"narusza\" samej g\u00f3ry. Stanowczo opowiada\u0142 si\u0119 za ochron\u0105 przyrody i okazywaniem przez turyst\u00f3w szacunku dla miejsca, w kt\u00f3rym si\u0119 znajduj\u0105. Kocha\u0142 Tatry, sp\u0119dza\u0142 na g\u00f3rskim \u0142onie mn\u00f3stwo czasu. Mieczys\u0142awa Kar\u0142owicz zgin\u0105\u0142, 8 lutego 1909 roku id\u0105c szlakiem nad Czarny Staw G\u0105sienicowy \u2013 (wskazany na mapie). Niestety, sam wywo\u0142a\u0142 lawin\u0119, kt\u00f3ra zesz\u0142a z Ma\u0142ego Ko\u015bcielca. W miejscu tragicznej \u015bmierci postawiono pami\u0105tkowy Kamie\u0144 Kar\u0142owicza oznaczony jego ulubionym symbolem, maj\u0105cym przynosi\u0107 szcz\u0119\u015bcie krzy\u017cykiem niespodzianym.)<\/em> Powr\u00f3t do autobusu Przejazd do Nowego Targu na obiad Powr\u00f3t do Wielopola<\/p>\n\n\n\n<ol class=\"wp-block-list\"><\/ol>\n\n\n\n<p><\/p>\n\n\n\n<ol class=\"wp-block-list\"><\/ol>\n\n\n\n<p>Harmonogram wycieczki - 09.09.2023 r.<\/p>\n\n\n\n<p>Trasa: Wielopole \u2013 Zakopane \u2013 Tatrza\u0144ski Park Narodowy \u2013 Nowy Targ - Wielopole<\/p>\n\n\n\n<ol class=\"wp-block-list\">\n<li>6.15 - Zbi\u00f3rka uczestnik\u00f3w wycieczki - przy \u015awietlicy Wiejskiej w Wielopolu<\/li>\n\n\n\n<li>Wyjazd do Zakopanego<\/li>\n\n\n\n<li>8.30 - Spotkanie z Adrianem - Przewodnikiem tatrza\u0144skim<\/li>\n\n\n\n<li>Realizacja programu wycieczki<\/li>\n\n\n\n<li>Powr\u00f3t do autobusu<\/li>\n\n\n\n<li>Oko\u0142o godz. 17.00 - Obiad (w Nowym Targu)<\/li>\n\n\n\n<li>Powr\u00f3t do Wielopola w godz. wieczornych<\/li>\n<\/ol>\n\n\n\n<p>Dodatkowo informacji mog\u0105 udzieli\u0107:<br>Kierownikiem wycieczki b\u0119dzie p. Ryszard \u0141akomski, tel. 601 547 566<br>Koordynatorem projektu jest p. Stefan Opalski, tel. 608 130 035<\/p>\n\n\n\n<p><strong>WA\u017bNE INFORMACJE!!!<\/strong><\/p>\n\n\n\n<ul class=\"wp-block-list\">\n<li>Zapisy do udzia\u0142u w wycieczce mo\u017cna zg\u0142asza\u0107 telefonicznie, mailem lub osobi\u015bcie do dnia 06.09.2023 r.<\/li>\n\n\n\n<li>Ilo\u015b\u0107 uczestnik\u00f3w wycieczki jest ograniczona<\/li>\n\n\n\n<li>Ka\u017cdy uczestnik wycieczki zostanie ubezpieczony.<\/li>\n\n\n\n<li>Dop\u0142ata do wycieczki wynosi:<ul><li><strong>60 z\u0142.<\/strong> (sze\u015b\u0107dziesi\u0105t z\u0142otych) od osoby doros\u0142ej nie b\u0119d\u0105cej cz\u0142onkiem Stowarzyszenia Rozwoju So\u0142ectwa Wielopole<\/li><li><strong>40 z\u0142.<\/strong> (czterdzie\u015bci z\u0142otych) od m\u0142odzie\u017cy szkolnej i cz\u0142onk\u00f3w Stowarzyszenia ( kt\u00f3rzy na bie\u017c\u0105co maja op\u0142acone sk\u0142adki cz\u0142onkowskie)<\/li><\/ul>Kwot\u0119, kt\u00f3r\u0105 nale\u017cy wp\u0142aci\u0107 na konto Stowarzyszenia: <strong>\u0141\u0105cki Bank Sp\u00f3\u0142dzielczy, 46 8805 0009 0045 0472 2000 0010 do dnia 06.09.2023 r.,<\/strong> lub indywidualnie wp\u0142aty przyjmuje Ryszard \u0141akomski. Przed podj\u0119ciem decyzji o udziale w wycieczce prosz\u0119 zaznajomi\u0107 si\u0119 z:<\/li>\n\n\n\n<li><a href=\"https:\/\/www.wielopolesolectwo.pl\/other\/regulamin_tatry.pdf\">Regulaminem<\/a> oraz<\/li>\n\n\n\n<li>wype\u0142ni\u0107 <a href=\"https:\/\/www.wielopolesolectwo.pl\/other\/formularz_tatry.pdf\">formularz zg\u0142oszeniowy,<\/a><\/li>\n\n\n\n<li>wype\u0142ni\u0107 <a href=\"https:\/\/www.wielopolesolectwo.pl\/other\/oswiadczenie_tatry.pdf\">o\u015bwiadczenie o zgodzie na przetwarzanie danych osobowych.<\/a><\/li>\n<\/ul>\n\n\n\n<p>Dokumenty te powinny by\u0107 wype\u0142nione przez uczestnik\u00f3w wycieczki do dnia <strong>06.09.2023 r.<\/strong> i dostarczone do Ryszarda \u0141akomskiego.<\/p>\n\n\n\n<p>Uczestnicy wycieczki winni zabra\u0107 ze sob\u0105 dowody to\u017csamo\u015bci oraz dokumenty uprawniaj\u0105ce ich do ulg i zni\u017cek na bilety wst\u0119pu (emeryci, renci\u015bci, m\u0142odzie\u017c szkolna, studenci itp...)<\/p>\n","protected":false},"excerpt":{"rendered":"<p>Z przyjemno\u015bci\u0105 informujemy wszystkich mieszka\u0144c\u00f3w gminy Che\u0142miec, \u017ce Stowarzyszenie Rozwoju So\u0142ectwa Wielopole w ramach zadania publicznego pn.: Wspieranie dzia\u0142a\u0144 na rzecz os\u00f3b niepe\u0142nosprawnych oraz profilaktyki i promocji zdrowia poprzez wspieranie dzia\u0142a\u0144 promuj\u0105cych zdrowy styl \u017cycia, og\u0142asza nab\u00f3r uczestnik\u00f3w na jednodniow\u0105 wycieczk\u0119- pn.: &#8222;Tatrza\u0144skimi \u015bladami Mieczys\u0142awa Kar\u0142owicza&#8221; na trasie: Wielopole \u2013 Zakopane \u2013 Tatrza\u0144ski Park Narodowy [&hellip;]<\/p>\n","protected":false},"author":1,"featured_media":491,"comment_status":"closed","ping_status":"open","sticky":false,"template":"","format":"standard","meta":{"footnotes":""},"categories":[4],"tags":[],"class_list":["post-490","post","type-post","status-publish","format-standard","has-post-thumbnail","hentry","category-aktualnosci"],"_links":{"self":[{"href":"https:\/\/www.wielopolesolectwo.pl\/index.php\/wp-json\/wp\/v2\/posts\/490","targetHints":{"allow":["GET"]}}],"collection":[{"href":"https:\/\/www.wielopolesolectwo.pl\/index.php\/wp-json\/wp\/v2\/posts"}],"about":[{"href":"https:\/\/www.wielopolesolectwo.pl\/index.php\/wp-json\/wp\/v2\/types\/post"}],"author":[{"embeddable":true,"href":"https:\/\/www.wielopolesolectwo.pl\/index.php\/wp-json\/wp\/v2\/users\/1"}],"replies":[{"embeddable":true,"href":"https:\/\/www.wielopolesolectwo.pl\/index.php\/wp-json\/wp\/v2\/comments?post=490"}],"version-history":[{"count":3,"href":"https:\/\/www.wielopolesolectwo.pl\/index.php\/wp-json\/wp\/v2\/posts\/490\/revisions"}],"predecessor-version":[{"id":496,"href":"https:\/\/www.wielopolesolectwo.pl\/index.php\/wp-json\/wp\/v2\/posts\/490\/revisions\/496"}],"wp:featuredmedia":[{"embeddable":true,"href":"https:\/\/www.wielopolesolectwo.pl\/index.php\/wp-json\/wp\/v2\/media\/491"}],"wp:attachment":[{"href":"https:\/\/www.wielopolesolectwo.pl\/index.php\/wp-json\/wp\/v2\/media?parent=490"}],"wp:term":[{"taxonomy":"category","embeddable":true,"href":"https:\/\/www.wielopolesolectwo.pl\/index.php\/wp-json\/wp\/v2\/categories?post=490"},{"taxonomy":"post_tag","embeddable":true,"href":"https:\/\/www.wielopolesolectwo.pl\/index.php\/wp-json\/wp\/v2\/tags?post=490"}],"curies":[{"name":"wp","href":"https:\/\/api.w.org\/{rel}","templated":true}]}}