{"id":497,"date":"2023-09-11T22:11:38","date_gmt":"2023-09-11T21:11:38","guid":{"rendered":"https:\/\/www.nowa.wielopolesolectwo.pl\/?p=497"},"modified":"2025-12-07T22:26:13","modified_gmt":"2025-12-07T21:26:13","slug":"relacja-z-wycieczki-w-tatry-pn-tatrzanskimi-sladami-mieczyslawa-karlowicza","status":"publish","type":"post","link":"https:\/\/www.wielopolesolectwo.pl\/index.php\/2023\/09\/11\/relacja-z-wycieczki-w-tatry-pn-tatrzanskimi-sladami-mieczyslawa-karlowicza\/","title":{"rendered":"Relacja z wycieczki w Tatry pn.: &#8222;Tatrza\u0144skimi \u015bladami Mieczys\u0142awa Kar\u0142owicza&#8221;"},"content":{"rendered":"\n<p>W dniu 09.09.2021. Stowarzyszenie Rozwoju So\u0142ectwa Wielopole w ramach zadania publicznego dofinansowanego przez Gmin\u0119 Che\u0142miec pn.: \"Wspieranie dzia\u0142a\u0144 na rzecz os\u00f3b niepe\u0142nosprawnych oraz profilaktyki i promocji zdrowia poprzez wspieranie dzia\u0142a\u0144 promuj\u0105cych zdrowy styl \u017cycia\", zrealizowa\u0142o jednodniow\u0105 wycieczk\u0119, pn.: \"Tatrza\u0144skimi \u015bladami Mieczys\u0142awa Kar\u0142owicza\" na trasie: Wielopole \u2013 Zakopane \u2013 Tatrza\u0144ski Park Narodowy \u2013 Wielopole. W wycieczce udzia\u0142 wzi\u0119li mieszka\u0144cy wszystkich grup wiekowych z Wielopola, Wielog\u0142\u00f3w, D\u0105browy, Biczyc Dolnych, Ma\u0142ej Wsi, Krasnego Potockiego. Jak zwykle, gdy wypad turystyczny organizuje Stowarzyszenie z Wielopola, to i tym razem pogoda by\u0142a wy\u015bmienita. \u015alicznie \u015bwiec\u0105ce s\u0142oneczko temperatura powietrza (oko\u0142o + 20 stopni Celsjusza) i bezwietrznie sprawi\u0142y, \u017ce ten dzie\u0144 by\u0142 idealny do uskutecznienia naszej wyprawy.<\/p>\n\n\n\n<p>Z Wielopola wyjechali\u015bmy kilkana\u015bcie minut po godzinie 6.00. Piotr, kierowca autobusu dowi\u00f3z\u0142 nas do Zakopanego gdzie wysiedli\u015bmy niedaleko Ronda Im Jana Paw\u0142a II i tam spotkali\u015bmy si\u0119 z Adrianem \u2013 Przewodnikiem Tatrza\u0144skim i jednocze\u015bnie Ratownikiem TOPR. Maszeruj\u0105c alej\u0105 Przewodnik\u00f3w Tatrza\u0144skich przystan\u0119li\u015bmy przy Ksi\u0119\u017c\u00f3wce - Domu Rekolekcyjnym Konferencji Episkopatu Polski. Adrian opowiedzia\u0142 nam o historii tego kompleksu, kt\u00f3rego najstarsza, drewniana cz\u0119\u015b\u0107 zosta\u0142a wybudowana ok. 1875 r. Na pocz\u0105tku XX w. budynek ten nazywa\u0142 si\u0119 Adasi\u00f3wk\u0105 i nale\u017ca\u0142 do Bronis\u0142awa Chwistka. Bywali w nim Ignacy Witkiewicz, Bronis\u0142aw Malinowski, Janusz Chmielowski. W Ksi\u0119\u017c\u00f3wce natomiast go\u015bci\u0142o wielu polskich kap\u0142an\u00f3w, m.in. kardyna\u0142owie Adam Sapieha, Stefan Wyszy\u0144ski i Karol Wojty\u0142a. Jan Pawe\u0142 II mieszka\u0142 tu podczas wizyty w Zakopanem w czerwcu 1997 r. Id\u0105c dalej przystan\u0119li\u015bmy przy pomniku autorstwa W\u0142adys\u0142awa Hasiora. Zosta\u0142 tu postawiony w 1964 r. dla upami\u0119tnienia 20 Polak\u00f3w rozstrzelanych przez Niemc\u00f3w w tym miejscu 30 maja 1944 r. i przeszli\u015bmy obok pierwszego zakopia\u0144skiego wodoci\u0105gu. Po tej 2 kilometrowej rozgrzewce doszli\u015bmy do Ku\u017anic, bo tak naprawd\u0119 to od tego miejsca rozpocz\u0119\u0142a si\u0119 nasza tatrza\u0144ska wycieczka.<\/p>\n\n\n\n<p>Jednak nim wyruszyli\u015bmy \"\u017ceby robi\u0107 wysoko\u015b\u0107\" Adrian opowiedzia\u0142 nam o Ku\u017anicach. W latach 1807 - 1870. W XVIII i XIX w. w Ku\u017anicach dzia\u0142a\u0142 o\u015brodek hutniczy, jeden z najwi\u0119kszych w \u015brodkowej Europie, a w miejscu, z kt\u00f3rego dzi\u015b na Kasprowy rusza wagonik kolei linowej, sta\u0142 wielki piec hutniczy. W Ku\u017anicach znajduje si\u0119 siedziba dyrekcji Tatrza\u0144skiego Parku Narodowego. W latach 1891 \u2013 1939 mie\u015bci\u0142a si\u0119 tu Szko\u0142a Pracy Domowej Kobiet za\u0142o\u017cona przez genera\u0142ow\u0105 Jadwig\u0119 Zamoysk\u0105. Ciekawa jest r\u00f3wnie\u017c historia dolnej stacja kolei linowej na Kasprowy Wierch. Wybudowano j\u0105 w 1935\/36 r. w rekordowo kr\u00f3tkim czasie, bo w ci\u0105gu zaledwie 7 miesi\u0119cy i by\u0142a inwestycj\u0105, dzi\u0119ki kt\u00f3rej w okresie mi\u0119dzywojennym Zakopane sta\u0142o si\u0119 jednym z najbardziej popularnych narciarskich kurort\u00f3w w Europie, a Kasprowy Wierch zyska\u0142 miano \"\u015bwi\u0119tej g\u00f3ry narciarzy\".<\/p>\n\n\n\n<p>Z Ku\u017anic ruszyli\u015bmy w kierunku Hali G\u0105siennicowej przez Boczo\u0144, zalesiony szczyt o wysoko\u015bci 1208 m n.p.m., kt\u00f3ry niczym szczeg\u00f3lnym si\u0119 nie wyr\u00f3\u017cnia, przez wi\u0119kszo\u015b\u0107 uczestnik\u00f3w wycieczki nawet nie zosta\u0142 niezauwa\u017cony. Nast\u0119pnie weszli\u015bmy na Skupni\u00f3w Up\u0142az, sk\u0105d podziwiali\u015bmy cudowne widoki na beskidzkie wzniesienia i na Dolin\u0119 Olczysk\u0105 i na Kopie\u0144ce. Po przej\u015bciu prze\u0142\u0119czy mi\u0119dzy Kopami zwan\u0105 r\u00f3wnie\u017c Karczmiskiem zeszli\u015bmy do Schroniska Murowaniec. Od tego miejsca zacz\u0119\u0142y nas wabi\u0107 przepi\u0119kne widoki na Tatry Wysokie i Tatry Zachodnie.<\/p>\n\n\n\n<p>Zeszli\u015bmy do Hali Gasiennicowej jednej z najpi\u0119kniejszych hal w Tatrach. Znajduj\u0105 si\u0119 w niej baza szkolenia taternik\u00f3w \u2013 \"Betlejemka\", le\u015bnicz\u00f3wk\u0119 TPN \u2013 \"Ksi\u0119\u017c\u00f3wka\", meteorologiczn\u0105 stacja pomiarow\u0105 PAN, budynek stra\u017cnik\u00f3w TPN \"Gawra\" oraz kilka sza\u0142as\u00f3w pasterskich. W schronisku \"Murowaniec\" by\u0142o bardzo wiele os\u00f3b, jednak znalaz\u0142o si\u0119 miejsce aby kilka chwil odetchn\u0105\u0107 i nast\u0119pnie ruszy\u0107 \u0142atwym szlakiem w kierunku Czarnego Stawu G\u0105siennicowego. Po drodze zatrzymali\u015bmy si\u0119 w miejscu gdzie poni\u017cej szlaku znajduje si\u0119 obelisk w miejscu \u015bmierci Mieczys\u0142awowa Kar\u0142owicza oznaczony jego ulubionym symbolem, maj\u0105cym przynosi\u0107 szcz\u0119\u015bcie \"krzy\u017cykiem niespodzianym\". Ten kompozytor, dyrygent, publicysta fotograf, ale przede wszystkim mi\u0142o\u015bnik g\u00f3r, pionier narciarstwa, \u015bwietny taternik oraz jeden z pomys\u0142odawc\u00f3w powo\u0142ania Tatrza\u0144skiego Ochotniczego Pogotowia Ratunkowego pasjonowa\u0142 si\u0119 wspinaczk\u0105, fotografik\u0105 i jazd\u0105 na nartach. Kocha\u0142 Tatry i sp\u0119dza\u0142 w nich mn\u00f3stwo czasu. Mieczys\u0142awa Kar\u0142owicz zgin\u0105\u0142 8 lutego 1909 roku. Niestety, sam wywo\u0142a\u0142 lawin\u0119, kt\u00f3ra zesz\u0142a z Ma\u0142ego Ko\u015bcielca.<\/p>\n\n\n\n<p>Po oko\u0142o 40 minut marszu od Murowa\u0144ca naszym oczom ukaza\u0142 si\u0119 przepi\u0119kny Czarny Staw G\u0105sienicowy. Czarny Staw to jezioro polodowcowe o powierzchni prawie 18 hektar\u00f3w, po\u0142o\u017cony jest na wysoko\u015bci 1624 m n.p.m. w tak zwanym Kotle Czarnego Stawu. Jest to jedno z najwi\u0119kszych jezior w Tatrach. Dawniej na pocz\u0105tku XX wieku sta\u0142o tam prywatne schronisko. Niestety sp\u0142on\u0119\u0142o w 1920 roku. Warto tam by\u0142o dotrze\u0107, poniewa\u017c widoki s\u0105 wspania\u0142e. Z nad brzeg\u00f3w jeziora cudownie wygl\u0105da Orla Per\u0107 oraz Ko\u015bcielec. W drog\u0119 powrotn\u0105 od Murowa\u0144ca ruszyli\u015bmy przez Dolin\u0119 Suchej Wody w kierunku Brzezin. Brzeziny s\u0105 niewielk\u0105 polan\u0105 i znajduj\u0105 si\u0119 przy drodze Oswalda Balzera \u0142\u0105cz\u0105c\u0105 Zakopane z Morskim Okiem. Tam czeka\u0142 na nas autobus, kt\u00f3rym pojechali\u015bmy do Nowego Targu. W karczmie stylizowanej na podhala\u0144sk\u0105, na pi\u0119terku \"zadysponowanym\" dla naszej wycieczki zjedli\u015bmy \"zas\u0142u\u017cony\" przepyszny obiad. By po tym do\u015bwiadczeniu, ze \u015bpiewem ruszy\u0107 ku granicom Gminy Che\u0142miec. Dla organizator\u00f3w wycieczki najwa\u017cniejszym wska\u017anikiem jako\u015bci wycieczki by\u0142 nastr\u00f3j uczestnik\u00f3w wycieczki po jej zako\u0144czeniu, a ten by\u0142 wy\u015bmienity. Pomimo tego, \u017ce g\u00f3ry wymusi\u0142y ujawnienie czasowych s\u0142abo\u015bci fizycznych i zdarzy\u0142 si\u0119 przypadek oddzielenia podeszw od but\u00f3w, to wszyscy Uczestnicy zgodnie stwierdzili, \u017ce w Tatry wr\u00f3c\u0119 zdaj\u0105c sobie spraw\u0119 z tego, \u017ce mo\u017ce by\u0107 odrobink\u0119 trudniej, ale za to jeszcze pi\u0119kniej. Kierownik i organizator tej wspania\u0142ej wycieczki Ryszard \u0141akomski przedstawi\u0142 swoje plany na nast\u0119pny rok \u2013 Czerwone Wierchy, Tatry Zachodnie ...? Do zobaczenia na tatrza\u0144skim szlaku, a mo\u017ce wcze\u015bniej.<\/p>\n\n\n\n<p>Zapraszamy do galeri <a href=\"https:\/\/photos.app.goo.gl\/8FeWX7Pp15CtYovt7\">tutaj<\/a> i <a href=\"https:\/\/photos.app.goo.gl\/dgaziB2S8C7jBYwU9\">tutaj<\/a><\/p>\n\n\n\n<p>Opracowa\u0142:<br>Ryszard \u0141akomski<\/p>\n","protected":false},"excerpt":{"rendered":"<p>W dniu 09.09.2021. Stowarzyszenie Rozwoju So\u0142ectwa Wielopole w ramach zadania publicznego dofinansowanego przez Gmin\u0119 Che\u0142miec pn.: &#8222;Wspieranie dzia\u0142a\u0144 na rzecz os\u00f3b niepe\u0142nosprawnych oraz profilaktyki i promocji zdrowia poprzez wspieranie dzia\u0142a\u0144 promuj\u0105cych zdrowy styl \u017cycia&#8221;, zrealizowa\u0142o jednodniow\u0105 wycieczk\u0119, pn.: &#8222;Tatrza\u0144skimi \u015bladami Mieczys\u0142awa Kar\u0142owicza&#8221; na trasie: Wielopole \u2013 Zakopane \u2013 Tatrza\u0144ski Park Narodowy \u2013 Wielopole. W wycieczce [&hellip;]<\/p>\n","protected":false},"author":1,"featured_media":498,"comment_status":"closed","ping_status":"open","sticky":false,"template":"","format":"standard","meta":{"footnotes":""},"categories":[4],"tags":[],"class_list":["post-497","post","type-post","status-publish","format-standard","has-post-thumbnail","hentry","category-aktualnosci"],"_links":{"self":[{"href":"https:\/\/www.wielopolesolectwo.pl\/index.php\/wp-json\/wp\/v2\/posts\/497","targetHints":{"allow":["GET"]}}],"collection":[{"href":"https:\/\/www.wielopolesolectwo.pl\/index.php\/wp-json\/wp\/v2\/posts"}],"about":[{"href":"https:\/\/www.wielopolesolectwo.pl\/index.php\/wp-json\/wp\/v2\/types\/post"}],"author":[{"embeddable":true,"href":"https:\/\/www.wielopolesolectwo.pl\/index.php\/wp-json\/wp\/v2\/users\/1"}],"replies":[{"embeddable":true,"href":"https:\/\/www.wielopolesolectwo.pl\/index.php\/wp-json\/wp\/v2\/comments?post=497"}],"version-history":[{"count":1,"href":"https:\/\/www.wielopolesolectwo.pl\/index.php\/wp-json\/wp\/v2\/posts\/497\/revisions"}],"predecessor-version":[{"id":499,"href":"https:\/\/www.wielopolesolectwo.pl\/index.php\/wp-json\/wp\/v2\/posts\/497\/revisions\/499"}],"wp:featuredmedia":[{"embeddable":true,"href":"https:\/\/www.wielopolesolectwo.pl\/index.php\/wp-json\/wp\/v2\/media\/498"}],"wp:attachment":[{"href":"https:\/\/www.wielopolesolectwo.pl\/index.php\/wp-json\/wp\/v2\/media?parent=497"}],"wp:term":[{"taxonomy":"category","embeddable":true,"href":"https:\/\/www.wielopolesolectwo.pl\/index.php\/wp-json\/wp\/v2\/categories?post=497"},{"taxonomy":"post_tag","embeddable":true,"href":"https:\/\/www.wielopolesolectwo.pl\/index.php\/wp-json\/wp\/v2\/tags?post=497"}],"curies":[{"name":"wp","href":"https:\/\/api.w.org\/{rel}","templated":true}]}}