{"id":500,"date":"2023-09-15T22:13:52","date_gmt":"2023-09-15T21:13:52","guid":{"rendered":"https:\/\/www.nowa.wielopolesolectwo.pl\/?p=500"},"modified":"2025-12-07T22:26:29","modified_gmt":"2025-12-07T21:26:29","slug":"tatrzanski-relaks-w-kapieli-zaproszenie-na-wycieczke","status":"publish","type":"post","link":"https:\/\/www.wielopolesolectwo.pl\/index.php\/2023\/09\/15\/tatrzanski-relaks-w-kapieli-zaproszenie-na-wycieczke\/","title":{"rendered":"&#8222;Tatrza\u0144ski relaks w k\u0105pieli&#8221; \u2013 zaproszenie na wycieczk\u0119"},"content":{"rendered":"\n<p>Ko\u0142o Gospody\u0144 Wiejskich Wielopole z przyjemno\u015bci\u0105 informuje wszystkich mieszka\u0144c\u00f3w Wielopola i gminy Che\u0142miec, \u017ce w ramach zadania publicznego pn.: Wspieranie dzia\u0142a\u0144 na rzecz os\u00f3b niepe\u0142nosprawnych oraz profilaktyki i promocji zdrowia poprzez wspieranie dzia\u0142a\u0144 promuj\u0105cych zdrowy styl \u017cycia, og\u0142asza nab\u00f3r uczestnik\u00f3w na jednodniow\u0105 wycieczk\u0119 pn.: \"Tatrza\u0144ski relaks w k\u0105pieli\", kt\u00f3ra odb\u0119dzie si\u0119 7 pa\u017adziernika 2023 r. do Term w Bukowinie Tatrza\u0144skiej.<\/p>\n\n\n\n<p>Opis zadania:<br>Jednodniowa autokarowa wycieczka krajoznawcza pn.: \"Tatrza\u0144ski relaks w k\u0105pieli\" - to wycieczka na trasie: Wielopole \u2013 Bukowin Tatrza\u0144ska \u2013 Wielopole<\/p>\n\n\n\n<ol class=\"wp-block-list\">\n<li>Przejazd autobusem - ok. 200 km.<\/li>\n\n\n\n<li>Program jest skierowany do 40 mieszka\u0144c\u00f3w gm. Che\u0142miec, wszystkich grup wiekowych w tym dla niepe\u0142nosprawnych.<\/li>\n\n\n\n<li>Realizacja tego zadania publicznego ma polega\u0107 na pokazaniu i promocji zdrowego stylu \u017cycia, ze wskazaniem:\n<ul class=\"wp-block-list\">\n<li>jak mo\u017cna czynnie wypoczywa\u0107 podziwiaj\u0105c wspania\u0142e widoki polskich Tatr i Tatrza\u0144skiego Parku Narodowego z jednoczesn\u0105 integracj\u0105 mi\u0119dzypokoleniow\u0105 oraz zabawy relaksacyjnej na obiekcie \"Termy Bukowina Tatrza\u0144ska\".<\/li>\n\n\n\n<li>uczestnikom wycieczki, \u017ce korzystanie z basen\u00f3w termalnych bez wzgl\u0119du na por\u0119 roku, ma dobroczynny wp\u0142yw na nasze zdrowie - nie tylko pomagaj\u0105 one leczy\u0107 okre\u015blone schorzenia, ale te\u017c dzia\u0142aj\u0105 profilaktycznie i wspomagaj\u0105 prawid\u0142ow\u0105 prac\u0119 naszego organizmu. Woda termalna ma wybitne w\u0142a\u015bciwo\u015bci relaksacyjne, wp\u0142ywaj\u0105c na rozlu\u017anienie ca\u0142ego cia\u0142a. Tym samym sprzyja odpoczynkowi, co pot\u0119guje tak\u017ce jej naturalnie wysoka temperatura. Kilka godzin sp\u0119dzonych w wodzie termalnej zapewnia dawk\u0119 relaksu, jakiej uczestnicy wycieczki na co dzie\u0144 nie do\u015bwiadczaj\u0105<\/li>\n\n\n\n<li>jak mo\u017cna \"oderwa\u0107\" si\u0119 od \"marazmu\" problem\u00f3w codziennego \u017cycia, \"na\u0142adowa\u0107 akumulatory\" by po zako\u0144czeniu wycieczki z dwojon\u0105 energi\u0105 przyst\u0105pi\u0107 do pokonywania \u017cyciowych trudno\u015bci.<\/li>\n\n\n\n<li>uczestnikom wycieczki roli i znaczenia historii i kultury g\u00f3ralskiej<\/li>\n<\/ul>\n<\/li>\n\n\n\n<li>Dodatkowo podczas przejazdu pomi\u0119dzy Wielopolem, a Bukowin\u0105 Tatrza\u0144sk\u0105 - odb\u0119dzie si\u0119 prelekcja o historii Bukowiny Tatrza\u0144skiej \u2013 przeprowadzona przez Kierownika Wycieczki.<\/li>\n\n\n\n<li>Po zako\u0144czeniu cz\u0119\u015bci relaksacyjnej dla uczestnik\u00f3w wycieczki zaplanowano obiad.<\/li>\n\n\n\n<li>KGW Wielopole cyklicznie realizuje wycieczki do term podhala\u0144skich promuj\u0105c tego typu k\u0105piele i relaks jako w\u0142a\u015bciwa form\u0119 sp\u0119dzenia czasu wolnego.<\/li>\n<\/ol>\n\n\n\n<p><strong>Harmonogram wycieczki 07.10.2023 r. (sobota)<\/strong><\/p>\n\n\n\n<ol class=\"wp-block-list\">\n<li>Godz. 6.50 \u2013 zbi\u00f3rka uczestnik\u00f3w wycieczki przy \u015awietlicy Wiejskiej w Wielopolu<\/li>\n\n\n\n<li>Godz. 7.00 \u2013 wyjazd do Bukowiny Tatrza\u0144skiej<\/li>\n\n\n\n<li>Godz. 10.00 \u2013 14.30 pobyt na basenach termalnych Bukowina Tatrza\u0144ska<\/li>\n\n\n\n<li>Godz.15.00 \u2013 obiad<\/li>\n\n\n\n<li>Powr\u00f3t do Wielopola ok. godz. 18.00<\/li>\n<\/ol>\n\n\n\n<p>Kierownikiem wycieczki b\u0119dzie p. Gra\u017cyna Borkowska \u2013 tel. 660 467 552<\/p>\n\n\n\n<p><strong>WA\u017bNE INFORMACJE!!!<\/strong><\/p>\n\n\n\n<ul class=\"wp-block-list\">\n<li>Zapisy do udzia\u0142u w wycieczce mo\u017cna zg\u0142asza\u0107 telefonicznie lub osobi\u015bcie do dnia 30.09.2023 r.<\/li>\n\n\n\n<li>Ilo\u015b\u0107 uczestnik\u00f3w wycieczki jest ograniczona<\/li>\n\n\n\n<li>Ka\u017cdy uczestnik wycieczki zostanie ubezpieczony.<\/li>\n\n\n\n<li>Dop\u0142ata do wycieczki wynosi:\n<ul class=\"wp-block-list\">\n<li><strong>110 z\u0142. (sto dziesi\u0119\u0107 z\u0142otych)<\/strong> od osoby doros\u0142ej<\/li>\n\n\n\n<li><strong>60 z\u0142. (sze\u015b\u0107dziesi\u0105t z\u0142otych)<\/strong> od dzieci i m\u0142odzie\u017cy szkolnej do 18 lat<\/li>\n\n\n\n<li><strong>80 z\u0142. (osiemdziesi\u0105t z\u0142otych)<\/strong> od senior\u00f3w 60+<\/li>\n<\/ul>\n<\/li>\n<\/ul>\n\n\n\n<p>Kwot\u0119, kt\u00f3r\u0105 nale\u017cy wp\u0142aci\u0107 na konto Ko\u0142a Gospody\u0144 Wiejskich Wielopole: Bank PeKaO 05 1240 4748 1111 0010 8724 7502 do dnia 30.09.2023 r., lub indywidualnie wp\u0142aty przyjmuje p. Gra\u017cyna Borkowska.<\/p>\n\n\n\n<p>Przed podj\u0119ciem decyzji o udziale w wycieczce prosz\u0119 zaznajomi\u0107 si\u0119 z:<\/p>\n\n\n\n<ul class=\"wp-block-list\">\n<li><a href=\"https:\/\/www.wielopolesolectwo.pl\/other\/regulamin_tatry.pdf\">Regulaminem<\/a> oraz<\/li>\n\n\n\n<li>wype\u0142ni\u0107 <a href=\"https:\/\/www.wielopolesolectwo.pl\/other\/formularz_termy_2023.pdf\">formularz zg\u0142oszeniowy,<\/a><\/li>\n\n\n\n<li>wype\u0142ni\u0107 <a href=\"https:\/\/www.wielopolesolectwo.pl\/other\/oswiadczenie_termy_2023.pdf\">o\u015bwiadczenie o zgodzie na przetwarzanie danych osobowych.<\/a><\/li>\n<\/ul>\n\n\n\n<p>Uczestnicy wycieczki winni zabra\u0107 ze sob\u0105 dowody to\u017csamo\u015bci oraz dokumenty uprawniaj\u0105ce ich do ulg i zni\u017cek na bilety wst\u0119pu (emeryci, renci\u015bci, m\u0142odzie\u017c szkolna, itp...)<\/p>\n","protected":false},"excerpt":{"rendered":"<p>Ko\u0142o Gospody\u0144 Wiejskich Wielopole z przyjemno\u015bci\u0105 informuje wszystkich mieszka\u0144c\u00f3w Wielopola i gminy Che\u0142miec, \u017ce w ramach zadania publicznego pn.: Wspieranie dzia\u0142a\u0144 na rzecz os\u00f3b niepe\u0142nosprawnych oraz profilaktyki i promocji zdrowia poprzez wspieranie dzia\u0142a\u0144 promuj\u0105cych zdrowy styl \u017cycia, og\u0142asza nab\u00f3r uczestnik\u00f3w na jednodniow\u0105 wycieczk\u0119 pn.: &#8222;Tatrza\u0144ski relaks w k\u0105pieli&#8221;, kt\u00f3ra odb\u0119dzie si\u0119 7 pa\u017adziernika 2023 r. [&hellip;]<\/p>\n","protected":false},"author":1,"featured_media":501,"comment_status":"closed","ping_status":"open","sticky":false,"template":"","format":"standard","meta":{"footnotes":""},"categories":[4],"tags":[],"class_list":["post-500","post","type-post","status-publish","format-standard","has-post-thumbnail","hentry","category-aktualnosci"],"_links":{"self":[{"href":"https:\/\/www.wielopolesolectwo.pl\/index.php\/wp-json\/wp\/v2\/posts\/500","targetHints":{"allow":["GET"]}}],"collection":[{"href":"https:\/\/www.wielopolesolectwo.pl\/index.php\/wp-json\/wp\/v2\/posts"}],"about":[{"href":"https:\/\/www.wielopolesolectwo.pl\/index.php\/wp-json\/wp\/v2\/types\/post"}],"author":[{"embeddable":true,"href":"https:\/\/www.wielopolesolectwo.pl\/index.php\/wp-json\/wp\/v2\/users\/1"}],"replies":[{"embeddable":true,"href":"https:\/\/www.wielopolesolectwo.pl\/index.php\/wp-json\/wp\/v2\/comments?post=500"}],"version-history":[{"count":1,"href":"https:\/\/www.wielopolesolectwo.pl\/index.php\/wp-json\/wp\/v2\/posts\/500\/revisions"}],"predecessor-version":[{"id":502,"href":"https:\/\/www.wielopolesolectwo.pl\/index.php\/wp-json\/wp\/v2\/posts\/500\/revisions\/502"}],"wp:featuredmedia":[{"embeddable":true,"href":"https:\/\/www.wielopolesolectwo.pl\/index.php\/wp-json\/wp\/v2\/media\/501"}],"wp:attachment":[{"href":"https:\/\/www.wielopolesolectwo.pl\/index.php\/wp-json\/wp\/v2\/media?parent=500"}],"wp:term":[{"taxonomy":"category","embeddable":true,"href":"https:\/\/www.wielopolesolectwo.pl\/index.php\/wp-json\/wp\/v2\/categories?post=500"},{"taxonomy":"post_tag","embeddable":true,"href":"https:\/\/www.wielopolesolectwo.pl\/index.php\/wp-json\/wp\/v2\/tags?post=500"}],"curies":[{"name":"wp","href":"https:\/\/api.w.org\/{rel}","templated":true}]}}